{"id":9069,"date":"2012-10-15T09:20:48","date_gmt":"2012-10-15T08:20:48","guid":{"rendered":"\/?p=9069"},"modified":"2012-10-19T09:24:23","modified_gmt":"2012-10-19T08:24:23","slug":"assemblee-general-du-personnel-du-conseil-15-octobre-2012","status":"publish","type":"post","link":"https:\/\/renouveau-democratie.eu\/fr\/2012\/10\/assemblee-general-du-personnel-du-conseil-15-octobre-2012\/","title":{"rendered":"Assembl\u00e9e G\u00e9n\u00e9ral du Personnel du Conseil 15 Octobre 2012"},"content":{"rendered":"<p>Nos coll\u00e8gues du Conseil poursuivent la mobilisation!<\/p>\n<p>Le 15 Octobre 2012, soit 6 jours apr\u00e8s l&rsquo;AG du personnel de la Commission, nos amis du Conseil ont adopt\u00e9 une r\u00e9solution \u00e0 l&rsquo;unanimit\u00e9.<\/p>\n<p>Pour voir la r\u00e9solution :<\/p>\n<p><a href=\"http:\/\/renouveau-democratie.eu\/documents\/AG_Conseil_2012_10_15_resolution_FR.pdf\" target=\"_blank\">Veuillez cliquer sur le lien pour consulter la r\u00e9solution adopt\u00e9e<\/a>.<\/p>\n<p>&nbsp;<\/p>\n","protected":false},"excerpt":{"rendered":"<p>Nos coll\u00e8gues du Conseil poursuivent la mobilisation! Le 15 Octobre 2012, soit 6 jours apr\u00e8s l&rsquo;AG du personnel de la Commission, nos amis du Conseil ont adopt\u00e9 une r\u00e9solution \u00e0 l&rsquo;unanimit\u00e9. Pour voir la r\u00e9solution : Veuillez cliquer sur le lien pour consulter la r\u00e9solution adopt\u00e9e. &nbsp;<\/p>\n","protected":false},"author":19,"featured_media":0,"comment_status":"closed","ping_status":"closed","sticky":false,"template":"","format":"standard","meta":{"footnotes":""},"categories":[20],"tags":[],"_links":{"self":[{"href":"https:\/\/renouveau-democratie.eu\/fr\/wp-json\/wp\/v2\/posts\/9069"}],"collection":[{"href":"https:\/\/renouveau-democratie.eu\/fr\/wp-json\/wp\/v2\/posts"}],"about":[{"href":"https:\/\/renouveau-democratie.eu\/fr\/wp-json\/wp\/v2\/types\/post"}],"author":[{"embeddable":true,"href":"https:\/\/renouveau-democratie.eu\/fr\/wp-json\/wp\/v2\/users\/19"}],"replies":[{"embeddable":true,"href":"https:\/\/renouveau-democratie.eu\/fr\/wp-json\/wp\/v2\/comments?post=9069"}],"version-history":[{"count":3,"href":"https:\/\/renouveau-democratie.eu\/fr\/wp-json\/wp\/v2\/posts\/9069\/revisions"}],"predecessor-version":[{"id":9073,"href":"https:\/\/renouveau-democratie.eu\/fr\/wp-json\/wp\/v2\/posts\/9069\/revisions\/9073"}],"wp:attachment":[{"href":"https:\/\/renouveau-democratie.eu\/fr\/wp-json\/wp\/v2\/media?parent=9069"}],"wp:term":[{"taxonomy":"category","embeddable":true,"href":"https:\/\/renouveau-democratie.eu\/fr\/wp-json\/wp\/v2\/categories?post=9069"},{"taxonomy":"post_tag","embeddable":true,"href":"https:\/\/renouveau-democratie.eu\/fr\/wp-json\/wp\/v2\/tags?post=9069"}],"curies":[{"name":"wp","href":"https:\/\/api.w.org\/{rel}","templated":true}]}}