{"id":9009,"date":"2012-10-04T08:39:22","date_gmt":"2012-10-04T07:39:22","guid":{"rendered":"\/?p=9009"},"modified":"2012-10-05T09:51:46","modified_gmt":"2012-10-05T08:51:46","slug":"etat-davancement-de-la-reforme-deu-statut-2013","status":"publish","type":"post","link":"https:\/\/renouveau-democratie.eu\/fr\/2012\/10\/etat-davancement-de-la-reforme-deu-statut-2013\/","title":{"rendered":"Etat d&rsquo;avancement de la Reforme du Statut 2013"},"content":{"rendered":"<p>Nous informons nos coll\u00e8gues et membres que nos partenaires du <a title=\"Tract Front Commun Parlement Europ\u00e9en Reforme 2013\" href=\"\/documents\/statuts\/20121003-FC-Flowchart-FR-Def.pdf\">Front Commun du Parlement Europ\u00e9en<\/a> ont communiqu\u00e9 sur l&rsquo;\u00e9tat d&rsquo;avancement de la Reforme 2013.<\/p>\n<p>Veuillez trouver ci joint l&rsquo;ensemble des <a title=\"Communication de Cristiano au pr\u00e9sident Scultz du PE\" href=\"\/documents\/statuts\/Annexe%202-FC-2-Pr\u00e9sident%20PE.pdf\" target=\"_blank\">documents<\/a> diffus\u00e9s ainsi qu&rsquo;une <a href=\"\/documents\/statuts\/Annexe%201-Pdt%20SchulzToPermReps.pdf\" target=\"_blank\">lettre du Pr\u00e9sident du Parlement Europ\u00e9en<\/a>.<\/p>\n<p>&nbsp;<\/p>\n","protected":false},"excerpt":{"rendered":"<p>Nous informons nos coll\u00e8gues et membres que nos partenaires du Front Commun du Parlement Europ\u00e9en ont communiqu\u00e9 sur l&rsquo;\u00e9tat d&rsquo;avancement de la Reforme 2013. Veuillez trouver ci joint l&rsquo;ensemble des documents diffus\u00e9s ainsi qu&rsquo;une lettre du Pr\u00e9sident du Parlement Europ\u00e9en. &nbsp;<\/p>\n","protected":false},"author":19,"featured_media":0,"comment_status":"closed","ping_status":"closed","sticky":false,"template":"","format":"standard","meta":{"footnotes":""},"categories":[18,8,20,83,81],"tags":[],"_links":{"self":[{"href":"https:\/\/renouveau-democratie.eu\/fr\/wp-json\/wp\/v2\/posts\/9009"}],"collection":[{"href":"https:\/\/renouveau-democratie.eu\/fr\/wp-json\/wp\/v2\/posts"}],"about":[{"href":"https:\/\/renouveau-democratie.eu\/fr\/wp-json\/wp\/v2\/types\/post"}],"author":[{"embeddable":true,"href":"https:\/\/renouveau-democratie.eu\/fr\/wp-json\/wp\/v2\/users\/19"}],"replies":[{"embeddable":true,"href":"https:\/\/renouveau-democratie.eu\/fr\/wp-json\/wp\/v2\/comments?post=9009"}],"version-history":[{"count":6,"href":"https:\/\/renouveau-democratie.eu\/fr\/wp-json\/wp\/v2\/posts\/9009\/revisions"}],"predecessor-version":[{"id":9013,"href":"https:\/\/renouveau-democratie.eu\/fr\/wp-json\/wp\/v2\/posts\/9009\/revisions\/9013"}],"wp:attachment":[{"href":"https:\/\/renouveau-democratie.eu\/fr\/wp-json\/wp\/v2\/media?parent=9009"}],"wp:term":[{"taxonomy":"category","embeddable":true,"href":"https:\/\/renouveau-democratie.eu\/fr\/wp-json\/wp\/v2\/categories?post=9009"},{"taxonomy":"post_tag","embeddable":true,"href":"https:\/\/renouveau-democratie.eu\/fr\/wp-json\/wp\/v2\/tags?post=9009"}],"curies":[{"name":"wp","href":"https:\/\/api.w.org\/{rel}","templated":true}]}}