{"id":7192,"date":"2011-07-18T15:23:31","date_gmt":"2011-07-18T13:23:31","guid":{"rendered":"\/?p=7192"},"modified":"2011-07-18T15:24:24","modified_gmt":"2011-07-18T13:24:24","slug":"modeles-de-recours-%e2%80%93-agents-contractuels-exercice-de-reclassement-2011","status":"publish","type":"post","link":"https:\/\/renouveau-democratie.eu\/fr\/2011\/07\/modeles-de-recours-%e2%80%93-agents-contractuels-exercice-de-reclassement-2011\/","title":{"rendered":"MODELES DE RECOURS \u2013 AGENTS CONTRACTUELS &#8211; EXERCICE DE RECLASSEMENT 2011"},"content":{"rendered":"<p>MODELES DE RECOURS \u2013<br \/>\nAGENTS CONTRACTUELS &#8211; EXERCICE DE RECLASSEMENT 2011<br \/>\nA partir de ce jour \u2013 18 juillet 2011 \u2013 votre REC est disponible via SysPer2 (niveau de performance\u2013 points \u2013 rapport). Si vous n&rsquo;\u00eates pas satisfait du r\u00e9sultat, ou avez l&rsquo;impression d&rsquo;avoir \u00e9t\u00e9 trait\u00e9 injustement, vous disposez de 15 jours ouvrables pour d\u00e9poser un appel. Pour vous aider \u00e0 la formulation d&rsquo;un tel recours, R&#038;D vous pr\u00e9sente quelques mod\u00e8les de recours qui devraient couvrir la majorit\u00e9 des cas typiquement rencontr\u00e9s. \u00a0Cette liste n&rsquo;est pas exhaustive. \u00a0En cas de doute, contactez votre sp\u00e9cialiste R&#038;D (voir liste sur notre site) ou contactez le help desk par courriel au REP PERS OSP R&#038;D ou t\u00e9l\u00e9phonez au 55676.<\/p>\n","protected":false},"excerpt":{"rendered":"<p>MODELES DE RECOURS \u2013 AGENTS CONTRACTUELS &#8211; EXERCICE DE RECLASSEMENT 2011 A partir de ce jour \u2013 18 juillet 2011 \u2013 votre REC est disponible via SysPer2 (niveau de performance\u2013 points \u2013 rapport). Si vous n&rsquo;\u00eates pas satisfait du r\u00e9sultat, ou avez l&rsquo;impression d&rsquo;avoir \u00e9t\u00e9 trait\u00e9 injustement, vous disposez de 15 jours ouvrables pour d\u00e9poser [&hellip;]<\/p>\n","protected":false},"author":3,"featured_media":0,"comment_status":"closed","ping_status":"closed","sticky":false,"template":"","format":"standard","meta":{"footnotes":""},"categories":[18,8],"tags":[],"_links":{"self":[{"href":"https:\/\/renouveau-democratie.eu\/fr\/wp-json\/wp\/v2\/posts\/7192"}],"collection":[{"href":"https:\/\/renouveau-democratie.eu\/fr\/wp-json\/wp\/v2\/posts"}],"about":[{"href":"https:\/\/renouveau-democratie.eu\/fr\/wp-json\/wp\/v2\/types\/post"}],"author":[{"embeddable":true,"href":"https:\/\/renouveau-democratie.eu\/fr\/wp-json\/wp\/v2\/users\/3"}],"replies":[{"embeddable":true,"href":"https:\/\/renouveau-democratie.eu\/fr\/wp-json\/wp\/v2\/comments?post=7192"}],"version-history":[{"count":0,"href":"https:\/\/renouveau-democratie.eu\/fr\/wp-json\/wp\/v2\/posts\/7192\/revisions"}],"wp:attachment":[{"href":"https:\/\/renouveau-democratie.eu\/fr\/wp-json\/wp\/v2\/media?parent=7192"}],"wp:term":[{"taxonomy":"category","embeddable":true,"href":"https:\/\/renouveau-democratie.eu\/fr\/wp-json\/wp\/v2\/categories?post=7192"},{"taxonomy":"post_tag","embeddable":true,"href":"https:\/\/renouveau-democratie.eu\/fr\/wp-json\/wp\/v2\/tags?post=7192"}],"curies":[{"name":"wp","href":"https:\/\/api.w.org\/{rel}","templated":true}]}}