{"id":7133,"date":"2011-07-06T20:33:28","date_gmt":"2011-07-06T18:33:28","guid":{"rendered":"\/?p=7133"},"modified":"2011-07-06T20:41:23","modified_gmt":"2011-07-06T18:41:23","slug":"suspension-de-lavis-de-greve-depose-pour-le-8-juillet-2011","status":"publish","type":"post","link":"https:\/\/renouveau-democratie.eu\/fr\/2011\/07\/suspension-de-lavis-de-greve-depose-pour-le-8-juillet-2011\/","title":{"rendered":"Suspension de l&rsquo;avis de gr\u00e8ve d\u00e9pos\u00e9 pour le 8 juillet 2011"},"content":{"rendered":"<p>Suite \u00e0 la rencontre des syndicats avec le Pr\u00e9sident Barroso et au <a href=\"\/documents\/statuts\/reforme_2012\/110706_lettre_aux_osp_sefcovic.pdf\">message ci-joint<\/a> du Vice-pr\u00e9sident \u0160ef?ovi?, vos syndicats &#8211; \u00e0 l&rsquo;unanimit\u00e9 &#8211; ont d\u00e9cid\u00e9 de <strong>suspendre l&rsquo;avis de gr\u00e8ve d\u00e9pos\u00e9 pour le 8 juillet 2011<\/strong>.<\/p>\n<p>Vos syndicats ont pris bonne note des engagements de la Commission tant vis-\u00e0-vis du respect du dialogue social et des acteurs sociaux que vis-\u00e0-vis <strong>du champ de n\u00e9gociation qui n&rsquo;est plus limit\u00e9 \u00e0 des changements du statut mais ouvert \u00e0 d&rsquo;autres alternatives visant \u00e0 maintenir l&rsquo;attractivit\u00e9 d&rsquo;une fonction publique europ\u00e9enne ind\u00e9pendante, permanente et comp\u00e9tente.<\/strong><\/p>\n<p>Comme nous nous sommes engag\u00e9s \u00e0 le faire, les syndicats de toutes les institutions vous informeront en permanence et vous associeront au d\u00e9bat par des rencontres directes dans toutes les institutions et dans tous les lieux d&rsquo;affectation et ceci d\u00e8s le mois de septembre.<\/p>\n<p>Cela vous permettra de peser dans le d\u00e9bat, de contribuer \u00e0 la coh\u00e9sion et \u00e0 l&rsquo;unit\u00e9 du personnel en vue de mener tous les actions collectives n\u00e9cessaires \u00e0 la d\u00e9fense de notre fonction publique et de vos int\u00e9r\u00eats.<\/p>\n","protected":false},"excerpt":{"rendered":"<p>Suite \u00e0 la rencontre des syndicats avec le Pr\u00e9sident Barroso et au message ci-joint du Vice-pr\u00e9sident \u0160ef?ovi?, vos syndicats &#8211; \u00e0 l&rsquo;unanimit\u00e9 &#8211; ont d\u00e9cid\u00e9 de suspendre l&rsquo;avis de gr\u00e8ve d\u00e9pos\u00e9 pour le 8 juillet 2011.<\/p>\n","protected":false},"author":3,"featured_media":0,"comment_status":"closed","ping_status":"closed","sticky":false,"template":"","format":"standard","meta":{"footnotes":""},"categories":[83,81],"tags":[],"_links":{"self":[{"href":"https:\/\/renouveau-democratie.eu\/fr\/wp-json\/wp\/v2\/posts\/7133"}],"collection":[{"href":"https:\/\/renouveau-democratie.eu\/fr\/wp-json\/wp\/v2\/posts"}],"about":[{"href":"https:\/\/renouveau-democratie.eu\/fr\/wp-json\/wp\/v2\/types\/post"}],"author":[{"embeddable":true,"href":"https:\/\/renouveau-democratie.eu\/fr\/wp-json\/wp\/v2\/users\/3"}],"replies":[{"embeddable":true,"href":"https:\/\/renouveau-democratie.eu\/fr\/wp-json\/wp\/v2\/comments?post=7133"}],"version-history":[{"count":0,"href":"https:\/\/renouveau-democratie.eu\/fr\/wp-json\/wp\/v2\/posts\/7133\/revisions"}],"wp:attachment":[{"href":"https:\/\/renouveau-democratie.eu\/fr\/wp-json\/wp\/v2\/media?parent=7133"}],"wp:term":[{"taxonomy":"category","embeddable":true,"href":"https:\/\/renouveau-democratie.eu\/fr\/wp-json\/wp\/v2\/categories?post=7133"},{"taxonomy":"post_tag","embeddable":true,"href":"https:\/\/renouveau-democratie.eu\/fr\/wp-json\/wp\/v2\/tags?post=7133"}],"curies":[{"name":"wp","href":"https:\/\/api.w.org\/{rel}","templated":true}]}}