{"id":6954,"date":"2011-06-28T11:41:24","date_gmt":"2011-06-28T09:41:24","guid":{"rendered":"\/?p=6954"},"modified":"2011-06-30T01:07:13","modified_gmt":"2011-06-29T23:07:13","slug":"preavis-de-greve","status":"publish","type":"post","link":"https:\/\/renouveau-democratie.eu\/fr\/2011\/06\/preavis-de-greve\/","title":{"rendered":"Pr\u00e9avis de Gr\u00e8ve"},"content":{"rendered":"<p><span style=\"font-size: small;\"><span style=\"font-family: Times New Roman;\">Suite au mandat des assembl\u00e9es g\u00e9n\u00e9rales des 21 et 22 juin derniers et sur base des r\u00e9solutions approuv\u00e9es par l&rsquo;ensemble du personnel, <strong><span style=\"color: #ff0000;\"><span style=\"color: #008000;\">R<\/span>&amp;<span style=\"color: #008000;\">D<\/span><\/span><\/strong>, la Majorit\u00e9 Syndicale et toutes les OSP signataires\u00a0ont d\u00e9pos\u00e9\u00a0aupr\u00e8s du Vice-Pr\u00e9sident ?\u0160EF?OVI? <strong>un pr\u00e9avis de gr\u00e8ve\u00a0\u00e0 titre conservatoire<\/strong> pour une dur\u00e9e de 15 jours au maximum conform\u00e9ment \u00e0 l&rsquo;annexe 1 de l&rsquo;accord r\u00e9gissant les relations entre la Commission europ\u00e9enne et les organisations syndicales et professionnelles (dit accord cadre).<\/span><\/span> <span style=\"font-size: small;\"><span style=\"font-family: Times New Roman;\">En particulier,\u00a0 <strong><span style=\"color: #ff0000;\"><span style=\"color: #008000;\">R<\/span>&amp;<span style=\"color: #008000;\">D<\/span><\/span><\/strong>, la Majorit\u00e9 Syndicale et toutes les OSP signataires? r\u00e9it\u00e8rent leur demande pour que, lors de sa r\u00e9union du 29 juin, le Coll\u00e8ge<\/span><\/span> <span style=\"font-size: small;\"><span style=\"font-family: Times New Roman;\"> <\/span><\/span><\/p>\n<ul>\n<li>\n<h3>n&rsquo;adopte pas de Cadre Financier Pluriannuel qui contiendrait des restrictions budg\u00e9taires concernant les d\u00e9penses administratives r\u00e9gies par le chapitre 5. Une restriction de ce type imposerait <em>de facto<\/em> une modification du Statut.<\/h3>\n<\/li>\n<li style=\"text-align: left;\">\n<h3><a title=\"Proposition de r\u00e8glement du PE et du Conseil modifiant le statut des fonctionnaires et le r\u00e9gime des autres agents de l\u2019Union europ\u00e9enne\" href=\"\/?p=7023\">n&rsquo;adopte aucune orientation concernant la r\u00e9vision du statut.<\/a> L&rsquo;adoption de telles orientations, de par leur lien \u00e9troit avec l&rsquo;adoption du Cadre Financier Pluriannuel, serait inacceptable tant du point de vue du contenu que de l&rsquo;approche politique.<\/h3>\n<\/li>\n<\/ul>\n<h2 style=\"text-align: center;\">Toutes les OSP de toutes les institutions\u00a0se sont associ\u00e9es\u00a0\u00e0 cette analyse politique et se joignent \u00e0 cette d\u00e9marche.<\/h2>\n","protected":false},"excerpt":{"rendered":"<p>Suite au mandat des assembl\u00e9es g\u00e9n\u00e9rales des 21 et 22 juin derniers et sur base des r\u00e9solutions approuv\u00e9es par l&rsquo;ensemble du personnel, R&amp;D, la Majorit\u00e9 Syndicale et toutes les OSP signataires\u00a0ont d\u00e9pos\u00e9\u00a0aupr\u00e8s du Vice-Pr\u00e9sident ?\u0160EF?OVI? un pr\u00e9avis de gr\u00e8ve\u00a0\u00e0 titre conservatoire pour une dur\u00e9e de 15 jours au maximum conform\u00e9ment \u00e0 l&rsquo;annexe 1 de l&rsquo;accord [&hellip;]<\/p>\n","protected":false},"author":3,"featured_media":0,"comment_status":"closed","ping_status":"closed","sticky":false,"template":"","format":"standard","meta":{"footnotes":""},"categories":[83,81],"tags":[],"_links":{"self":[{"href":"https:\/\/renouveau-democratie.eu\/fr\/wp-json\/wp\/v2\/posts\/6954"}],"collection":[{"href":"https:\/\/renouveau-democratie.eu\/fr\/wp-json\/wp\/v2\/posts"}],"about":[{"href":"https:\/\/renouveau-democratie.eu\/fr\/wp-json\/wp\/v2\/types\/post"}],"author":[{"embeddable":true,"href":"https:\/\/renouveau-democratie.eu\/fr\/wp-json\/wp\/v2\/users\/3"}],"replies":[{"embeddable":true,"href":"https:\/\/renouveau-democratie.eu\/fr\/wp-json\/wp\/v2\/comments?post=6954"}],"version-history":[{"count":0,"href":"https:\/\/renouveau-democratie.eu\/fr\/wp-json\/wp\/v2\/posts\/6954\/revisions"}],"wp:attachment":[{"href":"https:\/\/renouveau-democratie.eu\/fr\/wp-json\/wp\/v2\/media?parent=6954"}],"wp:term":[{"taxonomy":"category","embeddable":true,"href":"https:\/\/renouveau-democratie.eu\/fr\/wp-json\/wp\/v2\/categories?post=6954"},{"taxonomy":"post_tag","embeddable":true,"href":"https:\/\/renouveau-democratie.eu\/fr\/wp-json\/wp\/v2\/tags?post=6954"}],"curies":[{"name":"wp","href":"https:\/\/api.w.org\/{rel}","templated":true}]}}