{"id":6495,"date":"2011-03-23T23:24:03","date_gmt":"2011-03-23T21:24:03","guid":{"rendered":"\/?p=6495"},"modified":"2011-03-23T23:29:31","modified_gmt":"2011-03-23T21:29:31","slug":"24-mars-2011-journee-action-europeenne-a-bruxelles","status":"publish","type":"post","link":"https:\/\/renouveau-democratie.eu\/fr\/2011\/03\/24-mars-2011-journee-action-europeenne-a-bruxelles\/","title":{"rendered":"24 mars 2011: Journ\u00e9e d\u2019action europ\u00e9enne \u00e0 Bruxelles"},"content":{"rendered":"<h2>Une autre Europe est possible<\/h2>\n<p><strong><span style=\"color: #008000;\">R<span style=\"color: #ff0000;\">&amp;<\/span>D<\/span><\/strong>, Syndicat du Personnel des Institutions Europ\u00e9ennes, s&rsquo;associe aux actions des syndicats belges (FGTB et de CSC) soutenus par la <a href=\"http:\/\/www.etuc.org\/a\/8505\" target=\"_blank\">CES (Conf\u00e9d\u00e9ration des syndicats europ\u00e9ens)<\/a> dans le cadre de la journ\u00e9e d\u2019action europ\u00e9enne du 24 mars. Ces syndicats  marquent leur opposition \u00e0 la proposition de gouvernance \u00e9conomique europ\u00e9enne qui sera examin\u00e9e \u00e0 l\u2019occasion du Sommet des chefs de gouvernement de l\u2019UE, les 24 et 25 mars \u00e0 Bruxelles.<\/p>\n<h3>CSC:<a rel=\"nofollow external\" href=\"http:\/\/www.csc-en-ligne.be\/\" target=\"_blank\"> http:\/\/www.csc-en-ligne.be<\/a><\/h3>\n<p>Europe: Amie ou Ennemie ?<\/p>\n<ul>\n<li>Les pays sont soumis \u00e0 de fortes pressions pour r\u00e9duire les salaires \u2013 suivant l\u2019exemple allemand -, dans le secteur priv\u00e9 comme dans le secteur public ;<\/li>\n<li>Notre syst\u00e8me d\u2019indexation fait l\u2019objet d\u2019un feu nourri et continu de critiques;<\/li>\n<li>Les droits \u00e0 la pension et la pr\u00e9pension risquent d\u2019\u00eatre r\u00e9duits ;<\/li>\n<li>Des critiques s\u2019\u00e9l\u00e8vent contre notre syst\u00e8me d\u2019allocations de ch\u00f4mage ;<\/li>\n<li>La protection contre le licenciement est mise en cause ;<\/li>\n<li>Les pays doivent surtout sabrer dans les d\u00e9penses sociales et les services collectifs.<\/li>\n<\/ul>\n<h3>FGTB:<a rel=\"nofollow external\" href=\"http:\/\/www.fgtb.be\/\" target=\"_blank\"> http:\/\/www.fgtb.be <\/a><\/h3>\n<p>En r\u00e9sum\u00e9, l\u2019Europe veut :<\/p>\n<ul>\n<li>supprimer l\u2019indexation automatique des salaires ;<\/li>\n<li>revoir les salaires \u00e0 la baisse ;<\/li>\n<li>multiplier les emplois flexibles et pr\u00e9caires ;<\/li>\n<li>relever l\u2019\u00e2ge l\u00e9gal de la pension;<\/li>\n<li>supprimer notre syst\u00e8me de pr\u00e9pension<\/li>\n<li>mettre \u00e0 mal notre s\u00e9curit\u00e9 sociale et les services publics.<\/li>\n<\/ul>\n","protected":false},"excerpt":{"rendered":"<p>Une autre Europe est possible<br \/>\nR&#038;D, Syndicat du Personnel des Institutions Europ\u00e9ennes, s&rsquo;associe aux actions des syndicats belges (FGTB et de CSC) soutenus par la CES (Conf\u00e9d\u00e9ration des syndicats europ\u00e9ens) dans le cadre de la journ\u00e9e d\u2019action europ\u00e9enne du 24 mars. <\/p>\n","protected":false},"author":3,"featured_media":0,"comment_status":"closed","ping_status":"closed","sticky":false,"template":"","format":"standard","meta":{"footnotes":""},"categories":[55,40,47,20,12,13],"tags":[],"_links":{"self":[{"href":"https:\/\/renouveau-democratie.eu\/fr\/wp-json\/wp\/v2\/posts\/6495"}],"collection":[{"href":"https:\/\/renouveau-democratie.eu\/fr\/wp-json\/wp\/v2\/posts"}],"about":[{"href":"https:\/\/renouveau-democratie.eu\/fr\/wp-json\/wp\/v2\/types\/post"}],"author":[{"embeddable":true,"href":"https:\/\/renouveau-democratie.eu\/fr\/wp-json\/wp\/v2\/users\/3"}],"replies":[{"embeddable":true,"href":"https:\/\/renouveau-democratie.eu\/fr\/wp-json\/wp\/v2\/comments?post=6495"}],"version-history":[{"count":0,"href":"https:\/\/renouveau-democratie.eu\/fr\/wp-json\/wp\/v2\/posts\/6495\/revisions"}],"wp:attachment":[{"href":"https:\/\/renouveau-democratie.eu\/fr\/wp-json\/wp\/v2\/media?parent=6495"}],"wp:term":[{"taxonomy":"category","embeddable":true,"href":"https:\/\/renouveau-democratie.eu\/fr\/wp-json\/wp\/v2\/categories?post=6495"},{"taxonomy":"post_tag","embeddable":true,"href":"https:\/\/renouveau-democratie.eu\/fr\/wp-json\/wp\/v2\/tags?post=6495"}],"curies":[{"name":"wp","href":"https:\/\/api.w.org\/{rel}","templated":true}]}}