{"id":6420,"date":"2011-03-09T17:15:08","date_gmt":"2011-03-09T15:15:08","guid":{"rendered":"\/?p=6420"},"modified":"2011-03-09T17:17:33","modified_gmt":"2011-03-09T15:17:33","slug":"eeas-rd-cree-sa-section","status":"publish","type":"post","link":"https:\/\/renouveau-democratie.eu\/fr\/2011\/03\/eeas-rd-cree-sa-section\/","title":{"rendered":""},"content":{"rendered":"<p><span style=\"color: #008000;\">R<span style=\"color: #ff0000;\">&amp;<\/span>D<\/span> COMMISSION et  <span style=\"color: #008000;\">R<span style=\"color: #ff0000;\">&amp;<\/span>D<\/span> CONSEIL ont le plaisir et l&rsquo;honneur de <a href=\"\/documents\/EEAS\/110304_tract_creation_section_rd_seae_version%20interinst_final_fr.pdf\" target=\"_blank\">vous annoncer la cr\u00e9ation<\/a> d&rsquo;une section commune  <span style=\"color: #008000;\">R<span style=\"color: #ff0000;\">&amp;<\/span>D<\/span>\u2013SEAE et Hors Union pour d\u00e9fendre au mieux les int\u00e9r\u00eats du personnel du nouveau service ext\u00e9rieur. Cette nouvelle section \u2013 membre \u00e0 part enti\u00e8re de <span style=\"color: #008000;\">R<span style=\"color: #ff0000;\">&amp;<\/span>D<\/span> f\u00e9d\u00e9ral \u2013 travaillera \u00e0 l&rsquo;unit\u00e9 du Personnel dans un secteur tr\u00e8s difficile.<\/p>\n<p><span style=\"color: #008000;\">R<span style=\"color: #ff0000;\">&amp;<\/span>D<\/span> COMISI\u00d3N y <span style=\"color: #008000;\">R<span style=\"color: #ff0000;\">&amp;<\/span>D<\/span> CONSEJO tienen el placer y el honor <a href=\"\/documents\/EEAS\/110304_tract_creation_section_rd_seae_version%20interinst_final_es.pdf\" target=\"_blank\">de anunciarle la creaci\u00f3n<\/a> de\u00a0una secci\u00f3n com\u00fan <span style=\"color: #008000;\">R<span style=\"color: #ff0000;\">&amp;<\/span>D<\/span> \u2013 SEAE y fuera de la Uni\u00f3n, para defender del mejor modo posible\u00a0los intereses del personal del nuevo Servicio Exterior. Esta nueva secci\u00f3n \u2013 miembro de pleno\u00a0derecho de <span style=\"color: #008000;\">R<span style=\"color: #ff0000;\">&amp;<\/span>D<\/span> federal \u2013 obrar\u00e1 en pro de la unidad del personal en un sector muy dif\u00edcil.<\/p>\n","protected":false},"excerpt":{"rendered":"<p>R&amp;D COMMISSION et R&amp;D CONSEIL ont le plaisir et l&rsquo;honneur de vous annoncer la cr\u00e9ation d&rsquo;une section commune R&amp;D\u2013SEAE et Hors Union pour d\u00e9fendre au mieux les int\u00e9r\u00eats du personnel du nouveau service ext\u00e9rieur. Cette nouvelle section \u2013 membre \u00e0 part enti\u00e8re de R&amp;D f\u00e9d\u00e9ral \u2013 travaillera \u00e0 l&rsquo;unit\u00e9 du Personnel dans un secteur tr\u00e8s [&hellip;]<\/p>\n","protected":false},"author":19,"featured_media":0,"comment_status":"closed","ping_status":"closed","sticky":false,"template":"","format":"standard","meta":{"footnotes":""},"categories":[47,20,49],"tags":[],"_links":{"self":[{"href":"https:\/\/renouveau-democratie.eu\/fr\/wp-json\/wp\/v2\/posts\/6420"}],"collection":[{"href":"https:\/\/renouveau-democratie.eu\/fr\/wp-json\/wp\/v2\/posts"}],"about":[{"href":"https:\/\/renouveau-democratie.eu\/fr\/wp-json\/wp\/v2\/types\/post"}],"author":[{"embeddable":true,"href":"https:\/\/renouveau-democratie.eu\/fr\/wp-json\/wp\/v2\/users\/19"}],"replies":[{"embeddable":true,"href":"https:\/\/renouveau-democratie.eu\/fr\/wp-json\/wp\/v2\/comments?post=6420"}],"version-history":[{"count":0,"href":"https:\/\/renouveau-democratie.eu\/fr\/wp-json\/wp\/v2\/posts\/6420\/revisions"}],"wp:attachment":[{"href":"https:\/\/renouveau-democratie.eu\/fr\/wp-json\/wp\/v2\/media?parent=6420"}],"wp:term":[{"taxonomy":"category","embeddable":true,"href":"https:\/\/renouveau-democratie.eu\/fr\/wp-json\/wp\/v2\/categories?post=6420"},{"taxonomy":"post_tag","embeddable":true,"href":"https:\/\/renouveau-democratie.eu\/fr\/wp-json\/wp\/v2\/tags?post=6420"}],"curies":[{"name":"wp","href":"https:\/\/api.w.org\/{rel}","templated":true}]}}