{"id":6139,"date":"2011-02-01T17:57:42","date_gmt":"2011-02-01T15:57:42","guid":{"rendered":"\/?p=6139"},"modified":"2011-02-04T14:00:39","modified_gmt":"2011-02-04T12:00:39","slug":"conges-annuels-delai-de-route","status":"publish","type":"post","link":"https:\/\/renouveau-democratie.eu\/fr\/2011\/02\/conges-annuels-delai-de-route\/","title":{"rendered":"Cong\u00e9s Annuels &#8211; D\u00e9lai de Route"},"content":{"rendered":"<h3>Nouvelle proc\u00e9dure administrative pour introduire les demandes de cong\u00e9s<\/h3>\n<p>Si vous consultez vos droits de cong\u00e9s pour 2011 dans le Sysper2, vous trouverez la liste dans un ordre modifi\u00e9 alors que le nombre global de \u00abcong\u00e9s\u00bb reste inchang\u00e9. Lorsque vous effectuez l&rsquo;introduction d&rsquo;une demande de cong\u00e9, vous pouvez \u00e9galement trouver une nouvelle option sous la rubrique \u00abchoisir le type de l&rsquo;absence\u00bb (except\u00e9 \u00abcong\u00e9 annuel\u00bb et \u00abcong\u00e9 sp\u00e9cial\u00bb), qui se lit: \u00abd\u00e9lai de route\u00a0\u00bb, si vous \u00eates du personnel expatri\u00e9.<\/p>\n<p>Vos droits et leur pr\u00e9sentation restent globalement inchang\u00e9s. Toutefois, l&rsquo;administration dans sa \u00absagesse\u00bb a d\u00e9cid\u00e9 de proc\u00e9der \u00e0 un changement administratif en s\u00e9parant le cong\u00e9 annuel normal du cong\u00e9 attribu\u00e9 en fonction du &lsquo;d\u00e9lai de route\u00a0\u00bb, contrairement \u00e0 la formule pr\u00e9c\u00e9dente simple. Le contexte de cette d\u00e9cision doit \u00eatre \u00abclarifi\u00e9\u00bb que le temps de d\u00e9placement ne peux pas \u00eatre report\u00e9 \u00e0 la fin d&rsquo;une ann\u00e9e civile, ni \u00eatre compens\u00e9 financi\u00e8rement.Cette \u00abmineure\u00bb modification d&rsquo;ordre administratif (qui a un impact lourd pour nos coll\u00e8gues GECOS gestionnaires de cong\u00e9s) a caus\u00e9 une certaine confusion.<\/p>\n<p>En effet, <span style=\"color: #008000;\"><strong>R<span style=\"color: #ff0000;\">&amp;<\/span>D<\/strong><\/span> a re\u00e7u de nombreuses questions de coll\u00e8gues quant \u00e0 savoir s&rsquo;ils allaient perdre leur \u00ab\u00a0d\u00e9lai de route\u00a0\u00bb, s&rsquo;ils pourraient utiliser ces jours seulement pour effectuer des voyages \u00e0 leur pays d&rsquo;origine, ou s&rsquo;ils devraient pr\u00e9senter une preuve de voyage justifiant leur d\u00e9lai de route.<\/p>\n<h4 style=\"text-align: justify;\"><strong>La r\u00e9ponse \u00e0 toutes ces questions est \u00abNON\u00bb<\/strong><\/h4>\n<ul style=\"text-align: justify;\">\n<li><span style=\"color: #008000;\"><strong>R<span style=\"color: #ff0000;\">&amp;<\/span>D<\/strong><\/span> vous informe que vous pouvez introduire la demande &lsquo;d\u00e9lais de route&rsquo; \u00e0 la condition que vous introduisez conjointement la demande\u00a0 d&rsquo;au moins une \u00bd journ\u00e9e de \u00abcong\u00e9 annuel\u00bb.Vous n&rsquo;\u00eates pas oblig\u00e9s de pr\u00e9senter aucune justification de voyage\u00a0 \u00e0 votre pays d&rsquo;origine.<\/li>\n<li><span style=\"color: #008000;\"><strong>R<span style=\"color: #ff0000;\">&amp;<\/span>D<\/strong><\/span> vous recommande d&rsquo;introduire la demande de \u00ab\u00a0d\u00e9lais de route\u00a0\u00bb avec vos premiers \u00a0demandes de cong\u00e9 de l&rsquo;ann\u00e9e, afin tout simplement de ne pas oublier cette nouvelle exigence.<\/li>\n<li><span style=\"color: #008000;\"><strong>R<span style=\"color: #ff0000;\">&amp;<\/span>D<\/strong> <span style=\"color: #000000;\">demande \u00e0 la DG RH de fournir aux coll\u00e8gues concern\u00e9es les informations claires et suffisantes sur la nouvelle proc\u00e9dure.<\/span><\/span><\/li>\n<li><strong><span style=\"color: #008000;\">R<\/span><span style=\"color: #ff0000;\">&amp;<\/span><span style=\"color: #008000;\">D<\/span><\/strong> demande de suivre les meilleures pratiques des autres institutions de l&rsquo;UE et que la DG RH inverse cette proc\u00e9dure confuse qui n&rsquo;a m\u00eame pas \u00e9t\u00e9 soulev\u00e9e au cours de la concertation avec les syndicats de la Commission.<\/li>\n<li><span style=\"color: #008000;\"><strong>R<span style=\"color: #ff0000;\">&amp;<\/span>D<\/strong><\/span> demande \u00e0 la DG RH d&rsquo;assurer le personnel que cette modification administrative n&rsquo;aura aucune cons\u00e9quence \u00a0sur les cong\u00e9s du personnel expatri\u00e9.<\/li>\n<li><span style=\"color: #008000;\"><strong>R<span style=\"color: #ff0000;\">&amp;<\/span>D<\/strong><\/span> se pose la question pourquoi cette nouvelle complication a \u00e9t\u00e9 introduite??? Nous pensions que notre administration se disait de vouloir r\u00e9duire la bureaucratie \u00a0en simplifiant\u00a0 les proc\u00e9dures administratives \u2013 \u00e0 ce fin m\u00eame un groupe de travail a \u00e9t\u00e9 cr\u00e9\u00e9.\u00a0\u00a0<\/li>\n<\/ul>\n<p><strong><span style=\"color: #ff0000;\"><span style=\"color: #008000;\">R<span style=\"color: #ff0000;\">&amp;<\/span>D<\/span> <\/span>se pose la question pourquoi cette nouvelle complication a \u00e9t\u00e9 introduite??? Nous pensions que notre administration se disait de vouloir r\u00e9duire la bureaucratie \u00a0en simplifiant\u00a0 les proc\u00e9dures administratives \u2013 \u00e0 ce fin m\u00eame un groupe de travail a \u00e9t\u00e9 cr\u00e9\u00e9.\u00a0\u00a0<\/strong><\/p>\n","protected":false},"excerpt":{"rendered":"<p>Nouvelle proc\u00e9dure administrative pour introduire les demandes de cong\u00e9s Si vous consultez vos droits de cong\u00e9s pour 2011 dans le Sysper2, vous trouverez la liste dans un ordre modifi\u00e9 alors que le nombre global de \u00abcong\u00e9s\u00bb reste inchang\u00e9. Lorsque vous effectuez l&rsquo;introduction d&rsquo;une demande de cong\u00e9, vous pouvez \u00e9galement trouver une nouvelle option sous la [&hellip;]<\/p>\n","protected":false},"author":3,"featured_media":0,"comment_status":"closed","ping_status":"closed","sticky":false,"template":"","format":"standard","meta":{"footnotes":""},"categories":[15,9,16],"tags":[],"_links":{"self":[{"href":"https:\/\/renouveau-democratie.eu\/fr\/wp-json\/wp\/v2\/posts\/6139"}],"collection":[{"href":"https:\/\/renouveau-democratie.eu\/fr\/wp-json\/wp\/v2\/posts"}],"about":[{"href":"https:\/\/renouveau-democratie.eu\/fr\/wp-json\/wp\/v2\/types\/post"}],"author":[{"embeddable":true,"href":"https:\/\/renouveau-democratie.eu\/fr\/wp-json\/wp\/v2\/users\/3"}],"replies":[{"embeddable":true,"href":"https:\/\/renouveau-democratie.eu\/fr\/wp-json\/wp\/v2\/comments?post=6139"}],"version-history":[{"count":0,"href":"https:\/\/renouveau-democratie.eu\/fr\/wp-json\/wp\/v2\/posts\/6139\/revisions"}],"wp:attachment":[{"href":"https:\/\/renouveau-democratie.eu\/fr\/wp-json\/wp\/v2\/media?parent=6139"}],"wp:term":[{"taxonomy":"category","embeddable":true,"href":"https:\/\/renouveau-democratie.eu\/fr\/wp-json\/wp\/v2\/categories?post=6139"},{"taxonomy":"post_tag","embeddable":true,"href":"https:\/\/renouveau-democratie.eu\/fr\/wp-json\/wp\/v2\/tags?post=6139"}],"curies":[{"name":"wp","href":"https:\/\/api.w.org\/{rel}","templated":true}]}}