{"id":5799,"date":"2010-12-09T00:20:05","date_gmt":"2010-12-08T22:20:05","guid":{"rendered":"\/?p=5799"},"modified":"2011-08-29T14:59:44","modified_gmt":"2011-08-29T12:59:44","slug":"une-meilleure-education-pour-les-europeens-une-initiative-citoyenne","status":"publish","type":"post","link":"https:\/\/renouveau-democratie.eu\/fr\/2010\/12\/une-meilleure-education-pour-les-europeens-une-initiative-citoyenne\/","title":{"rendered":"Une Meilleure Education pour Les Europ\u00e9ens: une Initiative Citoyenne"},"content":{"rendered":"<p style=\"text-align: center;\"><a href=\"http:\/\/www.euroedtrust.eu\/\" target=\"_blank\">http:\/\/www.euroedtrust.eu\/<\/a><\/p>\n<h4 style=\"text-align: center;\">Une occasion unique de participer au plus vaste exercice de d\u00e9mocratie de base jamais mis en oeuvre en Europe<\/h4>\n<p style=\"text-align: left;\">Comme MEVEE, <span style=\"color: #008000;\"><strong>R<span style=\"color: #ff0000;\">&amp;<\/span>D<\/strong><\/span> croit, avec beaucoup d&rsquo;autres qui maintenant s&rsquo;engagent solennellement \u00e0 soutenir la Campagne pour une Initiative Citoyenne d\u00e9di\u00e9e \u00e0 une Meilleure \u00c9ducation europ\u00e9enne pour tous, que les Europ\u00e9ens m\u00e9ritent un cadre commun pour l\u2019\u00e9ducation, bas\u00e9 sur un mod\u00e8le ayant plus de cinquante ans d&rsquo;exp\u00e9rience et derri\u00e8re lui l&rsquo;autorit\u00e9 de plus de vingt-sept pays et qui m\u00e8ne au dipl\u00f4me largement et officiellement reconnu qu&rsquo;est le Baccalaur\u00e9at europ\u00e9en.<\/p>\n<p style=\"text-align: left;\">Que les Europ\u00e9ens, aujourd&rsquo;hui plus que jamais, ont un grand besoin de direction dans ce domaine \u2013 une \u00e9ducation multiculturelle et plurilingue pour nos enfants \u2013 pas seulement dans la transmission du savoir, mais aussi pour former leur caract\u00e8re et leur personnalit\u00e9 afin de les pr\u00e9parer \u00e0 leur r\u00f4le de futurs citoyens europ\u00e9ens dans un monde globalis\u00e9.<\/p>\n<h4 style=\"text-align: left;\"><a href=\"\/?p=5789\" target=\"_blank\">LORS DU DRINK DE NOEL,<\/a> Une collecte de 10 euros sera organis\u00e9e afin de soutenir MEVEE<\/h4>\n","protected":false},"excerpt":{"rendered":"<p>http:\/\/www.euroedtrust.eu\/<br \/>\nUne occasion unique de participer au plus vaste exercice de d\u00e9mocratie de base jamais mis en oeuvre en Europe<\/p>\n","protected":false},"author":3,"featured_media":0,"comment_status":"closed","ping_status":"closed","sticky":false,"template":"","format":"standard","meta":{"footnotes":""},"categories":[17],"tags":[],"_links":{"self":[{"href":"https:\/\/renouveau-democratie.eu\/fr\/wp-json\/wp\/v2\/posts\/5799"}],"collection":[{"href":"https:\/\/renouveau-democratie.eu\/fr\/wp-json\/wp\/v2\/posts"}],"about":[{"href":"https:\/\/renouveau-democratie.eu\/fr\/wp-json\/wp\/v2\/types\/post"}],"author":[{"embeddable":true,"href":"https:\/\/renouveau-democratie.eu\/fr\/wp-json\/wp\/v2\/users\/3"}],"replies":[{"embeddable":true,"href":"https:\/\/renouveau-democratie.eu\/fr\/wp-json\/wp\/v2\/comments?post=5799"}],"version-history":[{"count":0,"href":"https:\/\/renouveau-democratie.eu\/fr\/wp-json\/wp\/v2\/posts\/5799\/revisions"}],"wp:attachment":[{"href":"https:\/\/renouveau-democratie.eu\/fr\/wp-json\/wp\/v2\/media?parent=5799"}],"wp:term":[{"taxonomy":"category","embeddable":true,"href":"https:\/\/renouveau-democratie.eu\/fr\/wp-json\/wp\/v2\/categories?post=5799"},{"taxonomy":"post_tag","embeddable":true,"href":"https:\/\/renouveau-democratie.eu\/fr\/wp-json\/wp\/v2\/tags?post=5799"}],"curies":[{"name":"wp","href":"https:\/\/api.w.org\/{rel}","templated":true}]}}