{"id":5363,"date":"2010-05-30T03:32:30","date_gmt":"2010-05-30T01:32:30","guid":{"rendered":"\/?p=5363"},"modified":"2010-11-14T03:34:00","modified_gmt":"2010-11-14T01:34:00","slug":"ecoles-europeennes-besoins-en-locaux-supplementaires-pour-2011","status":"publish","type":"post","link":"https:\/\/renouveau-democratie.eu\/fr\/2010\/05\/ecoles-europeennes-besoins-en-locaux-supplementaires-pour-2011\/","title":{"rendered":"Ecoles Europ\u00e9ennes: Besoins en locaux suppl\u00e9mentaires pour 2011"},"content":{"rendered":"<p>Besoins en locaux suppl\u00e9mentaires pour 2011: estimation des effectifs \u00e0 Bruxelles pour 2011 \u2013 <a href=\"\/documents\/ecoles_europeennes\/100521_estimation_locaux_2011.pdf\">Mise \u00e0 jour<br \/>\nau 21 mai 2010<\/a><\/p>\n","protected":false},"excerpt":{"rendered":"<p>Besoins en locaux suppl\u00e9mentaires pour 2011: estimation des effectifs \u00e0 Bruxelles pour 2011 \u2013 Mise \u00e0 jour au 21 mai 2010<\/p>\n","protected":false},"author":3,"featured_media":0,"comment_status":"closed","ping_status":"closed","sticky":false,"template":"","format":"standard","meta":{"footnotes":""},"categories":[17],"tags":[68],"_links":{"self":[{"href":"https:\/\/renouveau-democratie.eu\/fr\/wp-json\/wp\/v2\/posts\/5363"}],"collection":[{"href":"https:\/\/renouveau-democratie.eu\/fr\/wp-json\/wp\/v2\/posts"}],"about":[{"href":"https:\/\/renouveau-democratie.eu\/fr\/wp-json\/wp\/v2\/types\/post"}],"author":[{"embeddable":true,"href":"https:\/\/renouveau-democratie.eu\/fr\/wp-json\/wp\/v2\/users\/3"}],"replies":[{"embeddable":true,"href":"https:\/\/renouveau-democratie.eu\/fr\/wp-json\/wp\/v2\/comments?post=5363"}],"version-history":[{"count":0,"href":"https:\/\/renouveau-democratie.eu\/fr\/wp-json\/wp\/v2\/posts\/5363\/revisions"}],"wp:attachment":[{"href":"https:\/\/renouveau-democratie.eu\/fr\/wp-json\/wp\/v2\/media?parent=5363"}],"wp:term":[{"taxonomy":"category","embeddable":true,"href":"https:\/\/renouveau-democratie.eu\/fr\/wp-json\/wp\/v2\/categories?post=5363"},{"taxonomy":"post_tag","embeddable":true,"href":"https:\/\/renouveau-democratie.eu\/fr\/wp-json\/wp\/v2\/tags?post=5363"}],"curies":[{"name":"wp","href":"https:\/\/api.w.org\/{rel}","templated":true}]}}