{"id":5358,"date":"2010-07-10T03:25:53","date_gmt":"2010-07-10T01:25:53","guid":{"rendered":"\/?p=5358"},"modified":"2010-11-14T03:26:22","modified_gmt":"2010-11-14T01:26:22","slug":"ecoles-europeennes-capacite-des-ecoles-de-bruxelles-2","status":"publish","type":"post","link":"https:\/\/renouveau-democratie.eu\/fr\/2010\/07\/ecoles-europeennes-capacite-des-ecoles-de-bruxelles-2\/","title":{"rendered":"Ecoles Europ\u00e9ennes: Capacit\u00e9 des \u00e9coles de Bruxelles"},"content":{"rendered":"<p>Secr\u00e9tariat G\u00e9n\u00e9ral: Capacit\u00e9 des \u00e9coles de Bruxelles (<a href=\"\/documents\/ecoles_europeennes\/100601_proc_ecrite_capacite_ecoles.pdf\">proc\u00e9dure \u00e9crite juin 2010<\/a>)<\/p>\n","protected":false},"excerpt":{"rendered":"<p>Secr\u00e9tariat G\u00e9n\u00e9ral: Capacit\u00e9 des \u00e9coles de Bruxelles (proc\u00e9dure \u00e9crite juin 2010)<\/p>\n","protected":false},"author":3,"featured_media":0,"comment_status":"closed","ping_status":"closed","sticky":false,"template":"","format":"standard","meta":{"footnotes":""},"categories":[17],"tags":[68],"_links":{"self":[{"href":"https:\/\/renouveau-democratie.eu\/fr\/wp-json\/wp\/v2\/posts\/5358"}],"collection":[{"href":"https:\/\/renouveau-democratie.eu\/fr\/wp-json\/wp\/v2\/posts"}],"about":[{"href":"https:\/\/renouveau-democratie.eu\/fr\/wp-json\/wp\/v2\/types\/post"}],"author":[{"embeddable":true,"href":"https:\/\/renouveau-democratie.eu\/fr\/wp-json\/wp\/v2\/users\/3"}],"replies":[{"embeddable":true,"href":"https:\/\/renouveau-democratie.eu\/fr\/wp-json\/wp\/v2\/comments?post=5358"}],"version-history":[{"count":0,"href":"https:\/\/renouveau-democratie.eu\/fr\/wp-json\/wp\/v2\/posts\/5358\/revisions"}],"wp:attachment":[{"href":"https:\/\/renouveau-democratie.eu\/fr\/wp-json\/wp\/v2\/media?parent=5358"}],"wp:term":[{"taxonomy":"category","embeddable":true,"href":"https:\/\/renouveau-democratie.eu\/fr\/wp-json\/wp\/v2\/categories?post=5358"},{"taxonomy":"post_tag","embeddable":true,"href":"https:\/\/renouveau-democratie.eu\/fr\/wp-json\/wp\/v2\/tags?post=5358"}],"curies":[{"name":"wp","href":"https:\/\/api.w.org\/{rel}","templated":true}]}}