{"id":5344,"date":"2010-04-14T03:04:14","date_gmt":"2010-04-14T01:04:14","guid":{"rendered":"\/?p=5344"},"modified":"2010-11-14T03:06:35","modified_gmt":"2010-11-14T01:06:35","slug":"ecoles-europeennes-evolution-du-personnel-des-institutions-communautaires-a-bruxelles","status":"publish","type":"post","link":"https:\/\/renouveau-democratie.eu\/fr\/2010\/04\/ecoles-europeennes-evolution-du-personnel-des-institutions-communautaires-a-bruxelles\/","title":{"rendered":"Ecoles Europ\u00e9ennes: Evolution du personnel des Institutions communautaires \u00e0 Bruxelles"},"content":{"rendered":"<p><a href=\"\/documents\/ecoles_europeennes\/100400_popsco1-1.pdf\" target=\"_blank\">Note de dossier<\/a> concernant l&rsquo;\u00e9volution du personnel des Institutions communautaires \u00e0 Bruxelles pour \u00e9valuer les besoins futurs des \u00e9coles europ\u00e9ennes.<\/p>\n","protected":false},"excerpt":{"rendered":"<p>Note de dossier concernant l&rsquo;\u00e9volution du personnel des Institutions communautaires \u00e0 Bruxelles pour \u00e9valuer les besoins futurs des \u00e9coles europ\u00e9ennes.<\/p>\n","protected":false},"author":3,"featured_media":0,"comment_status":"closed","ping_status":"closed","sticky":false,"template":"","format":"standard","meta":{"footnotes":""},"categories":[17,40],"tags":[68],"_links":{"self":[{"href":"https:\/\/renouveau-democratie.eu\/fr\/wp-json\/wp\/v2\/posts\/5344"}],"collection":[{"href":"https:\/\/renouveau-democratie.eu\/fr\/wp-json\/wp\/v2\/posts"}],"about":[{"href":"https:\/\/renouveau-democratie.eu\/fr\/wp-json\/wp\/v2\/types\/post"}],"author":[{"embeddable":true,"href":"https:\/\/renouveau-democratie.eu\/fr\/wp-json\/wp\/v2\/users\/3"}],"replies":[{"embeddable":true,"href":"https:\/\/renouveau-democratie.eu\/fr\/wp-json\/wp\/v2\/comments?post=5344"}],"version-history":[{"count":0,"href":"https:\/\/renouveau-democratie.eu\/fr\/wp-json\/wp\/v2\/posts\/5344\/revisions"}],"wp:attachment":[{"href":"https:\/\/renouveau-democratie.eu\/fr\/wp-json\/wp\/v2\/media?parent=5344"}],"wp:term":[{"taxonomy":"category","embeddable":true,"href":"https:\/\/renouveau-democratie.eu\/fr\/wp-json\/wp\/v2\/categories?post=5344"},{"taxonomy":"post_tag","embeddable":true,"href":"https:\/\/renouveau-democratie.eu\/fr\/wp-json\/wp\/v2\/tags?post=5344"}],"curies":[{"name":"wp","href":"https:\/\/api.w.org\/{rel}","templated":true}]}}