{"id":30887,"date":"2026-04-29T16:40:37","date_gmt":"2026-04-29T14:40:37","guid":{"rendered":"https:\/\/renouveau-democratie.eu\/?p=30887"},"modified":"2026-04-29T17:57:57","modified_gmt":"2026-04-29T15:57:57","slug":"replay-bruno-humbeeck-gerer-les-rivalites-dans-la-fratrie","status":"publish","type":"post","link":"https:\/\/renouveau-democratie.eu\/fr\/2026\/04\/replay-bruno-humbeeck-gerer-les-rivalites-dans-la-fratrie\/","title":{"rendered":"REPLAY &#8211; Bruno HUMBEECK &#8211; G\u00e9rer les rivalit\u00e9s dans la fratrie"},"content":{"rendered":"\n<h2 class=\"wp-block-heading has-text-align-center\">G\u00e9rer les rivalit\u00e9s dans la fratrie<\/h2>\n\n\n\n<p class=\"has-text-align-center\">Vendredi 24 avril de 13h00 \u00e0 14h30<\/p>\n\n\n\n<p class=\"has-text-align-center\">Bruno HUMBEECK<\/p>\n\n\n\n<p class=\"has-text-align-center has-small-font-size\"><em>Psychop\u00e9dagogue, Docteur en Sciences de l\u2019\u00c9ducation, Charg\u00e9 d\u2019enseignement \u00e0 l\u2019universit\u00e9 de Mons et<br>Responsable du Centre de Ressource \u00c9ducative pour l\u2019Action Sociale (CREAS), il travaille sur des projets de recherche portant sur relations \u00e9cole-famille et soci\u00e9t\u00e9 au sein du Centre de Recherche en Inclusion Sociale.<\/em><\/p>\n\n\n\n<div style=\"height:23px\" aria-hidden=\"true\" class=\"wp-block-spacer\"><\/div>\n\n\n\n<div class=\"wp-block-columns are-vertically-aligned-center has-white-background-color has-background is-layout-flex wp-container-core-columns-is-layout-1 wp-block-columns-is-layout-flex\">\n<div class=\"wp-block-column is-vertically-aligned-center is-layout-flow wp-block-column-is-layout-flow\" style=\"flex-basis:15%\"><\/div>\n\n\n\n<div class=\"wp-block-column is-vertically-aligned-center is-layout-flow wp-block-column-is-layout-flow\" style=\"flex-basis:70%\">\n<div style=\"height:20px\" aria-hidden=\"true\" class=\"wp-block-spacer\"><\/div>\n\n\n\n<figure class=\"wp-block-embed is-type-video is-provider-youtube wp-block-embed-youtube wp-embed-aspect-16-9 wp-has-aspect-ratio\"><div class=\"wp-block-embed__wrapper\">\n<iframe loading=\"lazy\" title=\"Les rendez-vous de Bruno Humbeeck\" width=\"768\" height=\"432\" src=\"https:\/\/www.youtube.com\/embed\/videoseries?list=PLrBIl4mCc3n8RgNLpc23pfrzPqOH1F7zs\" frameborder=\"0\" allow=\"accelerometer; autoplay; clipboard-write; encrypted-media; gyroscope; picture-in-picture; web-share\" referrerpolicy=\"strict-origin-when-cross-origin\" allowfullscreen><\/iframe>\n<\/div><\/figure>\n\n\n\n<div style=\"height:20px\" aria-hidden=\"true\" class=\"wp-block-spacer\"><\/div>\n<\/div>\n\n\n\n<div class=\"wp-block-column is-vertically-aligned-center is-layout-flow wp-block-column-is-layout-flow\" style=\"flex-basis:10%\"><\/div>\n<\/div>\n\n\n\n<div style=\"height:35px\" aria-hidden=\"true\" class=\"wp-block-spacer\"><\/div>\n\n\n\n<div class=\"wp-block-columns are-vertically-aligned-center is-layout-flex wp-container-core-columns-is-layout-2 wp-block-columns-is-layout-flex\">\n<div class=\"wp-block-column is-vertically-aligned-center is-layout-flow wp-block-column-is-layout-flow\" style=\"flex-basis:33.33%\"><div class=\"wp-block-image\">\n<figure class=\"aligncenter size-large is-resized\"><img loading=\"lazy\" decoding=\"async\" width=\"800\" height=\"1024\" src=\"https:\/\/renouveau-democratie.eu\/wp-content\/uploads\/2026\/04\/Rivalites-fratrie-800x1024.jpg\" alt=\"\" class=\"wp-image-30889\" style=\"width:152px;height:auto\" srcset=\"https:\/\/renouveau-democratie.eu\/wp-content\/uploads\/2026\/04\/Rivalites-fratrie-800x1024.jpg 800w, https:\/\/renouveau-democratie.eu\/wp-content\/uploads\/2026\/04\/Rivalites-fratrie-234x300.jpg 234w, https:\/\/renouveau-democratie.eu\/wp-content\/uploads\/2026\/04\/Rivalites-fratrie-768x983.jpg 768w, https:\/\/renouveau-democratie.eu\/wp-content\/uploads\/2026\/04\/Rivalites-fratrie.jpg 1172w\" sizes=\"(max-width: 800px) 100vw, 800px\" \/><\/figure><\/div><\/div>\n\n\n\n<div class=\"wp-block-column is-vertically-aligned-center is-layout-flow wp-block-column-is-layout-flow\" style=\"flex-basis:66.66%\">\n<p><strong><em>Le plus destructeur dans la constitution d&rsquo;une fratrie, c&rsquo;est la comp\u00e9tition syst\u00e9matique et<\/em><\/strong> <strong><em>l&rsquo;esprit de comp\u00e9tition<\/em><\/strong><em>.<\/em><\/p>\n\n\n\n<p><em>Bruno Humbeeck <\/em><\/p>\n<\/div>\n<\/div>\n\n\n\n<div style=\"height:10px\" aria-hidden=\"true\" class=\"wp-block-spacer\"><\/div>\n\n\n\n<p>Les relations entre fr\u00e8res et s\u0153urs sont complexes, passionn\u00e9es, de notre enfance \u00e0 l&rsquo;\u00e2ge adulte.<\/p>\n\n\n\n<p>Qu&rsquo;elles soient v\u00e9cues sur le mode de la complicit\u00e9 ou de la rivalit\u00e9, elles influencent nos relations avec les autres tout au long de notre vie.<\/p>\n\n\n\n<p>Chaque fratrie est unique par sa composition, le rythme des naissances, le hasard de la r\u00e9partition des sexes, les conditions de vie familiale et la place que chacun occupe dans la famille.<\/p>\n\n\n\n<p>Souvent, des disputes li\u00e9es \u00e0 des questions de pouvoir, de contr\u00f4le, d\u2019\u00e9quit\u00e9, de partage ou de jalousie \u00e9clatent au sein des familles.<\/p>\n\n\n\n<p>Dans cette conf\u00e9rence, Bruno Humbeeck nous livrera toutes les cl\u00e9s pour comprendre le fonctionnement et les enjeux de la fratrie, afin d\u2019y exercer au mieux notre r\u00f4le de parent. \u00c0 l\u2019aide de conseils, d\u2019outils et d\u2019exemples concrets, il nous expliquera o\u00f9 le conflit puise sa source et comment en prendre la mesure pour mieux le d\u00e9samorcer.<\/p>\n\n\n\n<div style=\"height:100px\" aria-hidden=\"true\" class=\"wp-block-spacer\"><\/div>\n","protected":false},"excerpt":{"rendered":"<p>G\u00e9rer les rivalit\u00e9s dans la fratrie Vendredi 24 avril de 13h00 \u00e0 14h30 Bruno HUMBEECK Psychop\u00e9dagogue, Docteur en Sciences de l\u2019\u00c9ducation, Charg\u00e9 d\u2019enseignement \u00e0 l\u2019universit\u00e9 de Mons etResponsable du Centre de Ressource \u00c9ducative pour l\u2019Action Sociale (CREAS), il travaille sur des projets de recherche portant sur relations \u00e9cole-famille et soci\u00e9t\u00e9 au sein du Centre de [&hellip;]<\/p>\n","protected":false},"author":19,"featured_media":0,"comment_status":"closed","ping_status":"closed","sticky":false,"template":"","format":"standard","meta":{"footnotes":""},"categories":[212,3],"tags":[],"_links":{"self":[{"href":"https:\/\/renouveau-democratie.eu\/fr\/wp-json\/wp\/v2\/posts\/30887"}],"collection":[{"href":"https:\/\/renouveau-democratie.eu\/fr\/wp-json\/wp\/v2\/posts"}],"about":[{"href":"https:\/\/renouveau-democratie.eu\/fr\/wp-json\/wp\/v2\/types\/post"}],"author":[{"embeddable":true,"href":"https:\/\/renouveau-democratie.eu\/fr\/wp-json\/wp\/v2\/users\/19"}],"replies":[{"embeddable":true,"href":"https:\/\/renouveau-democratie.eu\/fr\/wp-json\/wp\/v2\/comments?post=30887"}],"version-history":[{"count":16,"href":"https:\/\/renouveau-democratie.eu\/fr\/wp-json\/wp\/v2\/posts\/30887\/revisions"}],"predecessor-version":[{"id":30910,"href":"https:\/\/renouveau-democratie.eu\/fr\/wp-json\/wp\/v2\/posts\/30887\/revisions\/30910"}],"wp:attachment":[{"href":"https:\/\/renouveau-democratie.eu\/fr\/wp-json\/wp\/v2\/media?parent=30887"}],"wp:term":[{"taxonomy":"category","embeddable":true,"href":"https:\/\/renouveau-democratie.eu\/fr\/wp-json\/wp\/v2\/categories?post=30887"},{"taxonomy":"post_tag","embeddable":true,"href":"https:\/\/renouveau-democratie.eu\/fr\/wp-json\/wp\/v2\/tags?post=30887"}],"curies":[{"name":"wp","href":"https:\/\/api.w.org\/{rel}","templated":true}]}}