{"id":3028,"date":"2010-04-27T10:26:17","date_gmt":"2010-04-27T08:26:17","guid":{"rendered":"\/?p=3028"},"modified":"2010-04-28T12:18:17","modified_gmt":"2010-04-28T10:18:17","slug":"union-des-federalistes-europeens-resolution-relative-au-seae","status":"publish","type":"post","link":"https:\/\/renouveau-democratie.eu\/fr\/2010\/04\/union-des-federalistes-europeens-resolution-relative-au-seae\/","title":{"rendered":"Union des F\u00e9d\u00e9ralistes Europ\u00e9ens &#8211; r\u00e9solution relative au SEAE"},"content":{"rendered":"<div><strong><em>R\u00e9solution relative au <em>Service Europ\u00e9en\u00a0d&rsquo;Action Exterieure<\/em><\/em><\/strong><\/div>\n<div><strong>\u00a0<\/strong><\/div>\n<div><strong>Le <a href=\"http:\/\/www.uef.be\/wp\/?lang=en-us\" target=\"_blank\">Comit\u00e9 F\u00e9d\u00e9ral de l\u2019Union des F\u00e9d\u00e9ralistes Europ\u00e9ens<\/a>, r\u00e9uni \u00e0 Bruxelles les 27 et 28 mars 2010 prend note de <\/strong>la proposition de la Haute Repr\u00e9sentante \/ Vice Pr\u00e9sidente (HR\/VP) de la Commission relative \u00e0 la mise en place du Service Europ\u00e9en d\u2019Action Ext\u00e9rieure (SEAE) ainsi que des d\u00e9bats en cours au sein du Conseil et du Parlement Europ\u00e9en,<\/div>\n<h4>regrette vivement<\/h4>\n<p>que cette proposition manque de l\u2019ambition n\u00e9cessaire \u00e0 la mise en place du SEAE en tant qu\u2019un service diplomatique europ\u00e9en efficace, coh\u00e9rent, transparent et d\u00e9mocratiquement responsable, auquel sont donn\u00e9s les moyens n\u00e9cessaires \u00e0 la conduite d\u2019une politique \u00e9trang\u00e8re europ\u00e9enne active, en particulier dans les domaines de la pr\u00e9vention, des conflits, de la consolidation de la paix, de la gestion des crises civiles et militaires et du d\u00e9sarmement ;<\/p>\n<h4>rappelle<\/h4>\n<p>l\u2019importance de la promotion et de la d\u00e9fense de l\u2019int\u00e9r\u00eat g\u00e9n\u00e9ral europ\u00e9en par les institutions europ\u00e9ennes et, en particulier, par la Commission europ\u00e9enne ;<\/p>\n<h4>est convaincu<\/h4>\n<p>que le SEAE devrait assurer la consistance et la cons\u00e9quence de l\u2019action ext\u00e9rieure en, <em>inter alia<\/em>,<\/p>\n<p>\u00b7 impliquant activement les trois membres de la Commission europ\u00e9enne responsables du d\u00e9veloppement, du voisinage et de l\u2019aide humanitaire,<\/p>\n<p>\u00b7 int\u00e9grant pleinement la Direction de la planification de la gestion de crise (DPGC) du Secr\u00e9tariat G\u00e9n\u00e9ral du Conseil et les services pertinents de la Commission europ\u00e9enne au sein d\u2019une Direction G\u00e9n\u00e9rale pour la gestion de crise, la consolidation de la paix et la pr\u00e9vention des conflits,<\/p>\n<p>\u00b7 permettant \u00e0 la HR\/VP d\u2019exercer son autorit\u00e9 sur toutes les directions couramment impliqu\u00e9es dans les politiques ext\u00e9rieures de l\u2019UE,<\/p>\n<p>\u00b7 \u00e9tant fermement rattach\u00e9e \u00e0 la Commission europ\u00e9enne sous la responsabilit\u00e9 de la HR\/VP dans le plein respect de l\u2019esprit et de la lettre des trait\u00e9s et enti\u00e8rement responsable devant le Parlement europ\u00e9en,<\/p>\n<p>\u00b7 \u00e9vitant la duplication de responsabilit\u00e9s avec les autres services de la Commission europ\u00e9enne par l\u2019\u00e9tablissement, <em>inter alia, de bureaux uniques dans toutes les zones g\u00e9ographiques et dans les domaines tels que l\u2019\u00e9nergie, lechangement climatique et la comp\u00e9tition pour les ressources naturelles, les pand\u00e9mies, les migrations ill\u00e9gales et le trafic des \u00eatres humains,<\/em><\/p>\n<h4>insiste<\/h4>\n<div>\n<p><em><strong>sur la n\u00e9cessit\u00e9 d\u2019avoir un SEAE d\u00e9mocratiquement responsable et, donc, de donner au Parlement europ\u00e9en un r\u00f4le dans la nomination des Repr\u00e9sentants sp\u00e9ciaux de l\u2019UE et des Chefs de d\u00e9l\u00e9gations de l\u2019UE ;<\/strong><\/em><em><strong>\u00a0<\/strong><\/em><em><strong>\u00a0<\/strong><\/em><\/p>\n<h4>prie instamment le Conseil<\/h4>\n<div><em>de d\u00e9signer repr\u00e9sentants politiques avec statut de ministres juniors, en se fondant sur l\u2019article 33 du trait\u00e9 de l\u2019UE, afin de repr\u00e9senter l\u2019HR\/VP dans les n\u00e9gociations internationales et dans le dialogue avec le Parlement europ\u00e9en ;<\/em><em>\u00a0<\/em><em>\u00a0<\/em><\/div>\n<h4>appelle<\/h4>\n<div><em>le Conseil, la Commission europ\u00e9enne et le Parlement europ\u00e9en \u00e0 s\u2019accorder, d\u00e8s que possible, sur toutes les actionsn\u00e9cessaires.<\/em><em>\u00a0<\/em><em>\u00a0<\/em>\u00b7 respectant le principe d\u2019une \u00e9galit\u00e9 entre tous les membres du personnel du SEAE sans tenir compte du fait qu\u2019ils soient fonctionnaires d\u2019une institution de l\u2019UE ou d\u2019un service diplomatique national, aussi bien que<\/div>\n<p>\u00b7 celui d\u2019un \u00e9quilibre entre les origines g\u00e9ographiques et les sexes;<\/p>\n<\/div>\n","protected":false},"excerpt":{"rendered":"<p>R\u00e9solution relative au Service Europ\u00e9en\u00a0d&rsquo;Action Exterieure \u00a0 Le Comit\u00e9 F\u00e9d\u00e9ral de l\u2019Union des F\u00e9d\u00e9ralistes Europ\u00e9ens, r\u00e9uni \u00e0 Bruxelles les 27 et 28 mars 2010 prend note de la proposition de la Haute Repr\u00e9sentante \/ Vice Pr\u00e9sidente (HR\/VP) de la Commission relative \u00e0 la mise en place du Service Europ\u00e9en d\u2019Action Ext\u00e9rieure (SEAE) ainsi que des [&hellip;]<\/p>\n","protected":false},"author":3,"featured_media":0,"comment_status":"closed","ping_status":"closed","sticky":false,"template":"","format":"standard","meta":{"footnotes":""},"categories":[55,47,49],"tags":[],"_links":{"self":[{"href":"https:\/\/renouveau-democratie.eu\/fr\/wp-json\/wp\/v2\/posts\/3028"}],"collection":[{"href":"https:\/\/renouveau-democratie.eu\/fr\/wp-json\/wp\/v2\/posts"}],"about":[{"href":"https:\/\/renouveau-democratie.eu\/fr\/wp-json\/wp\/v2\/types\/post"}],"author":[{"embeddable":true,"href":"https:\/\/renouveau-democratie.eu\/fr\/wp-json\/wp\/v2\/users\/3"}],"replies":[{"embeddable":true,"href":"https:\/\/renouveau-democratie.eu\/fr\/wp-json\/wp\/v2\/comments?post=3028"}],"version-history":[{"count":0,"href":"https:\/\/renouveau-democratie.eu\/fr\/wp-json\/wp\/v2\/posts\/3028\/revisions"}],"wp:attachment":[{"href":"https:\/\/renouveau-democratie.eu\/fr\/wp-json\/wp\/v2\/media?parent=3028"}],"wp:term":[{"taxonomy":"category","embeddable":true,"href":"https:\/\/renouveau-democratie.eu\/fr\/wp-json\/wp\/v2\/categories?post=3028"},{"taxonomy":"post_tag","embeddable":true,"href":"https:\/\/renouveau-democratie.eu\/fr\/wp-json\/wp\/v2\/tags?post=3028"}],"curies":[{"name":"wp","href":"https:\/\/api.w.org\/{rel}","templated":true}]}}