{"id":28328,"date":"2024-06-24T19:21:03","date_gmt":"2024-06-24T17:21:03","guid":{"rendered":"https:\/\/renouveau-democratie.eu\/?p=28328"},"modified":"2024-06-24T19:21:03","modified_gmt":"2024-06-24T17:21:03","slug":"cese-la-liste-rd-asap-et-independants-triomphe-a-nouveau","status":"publish","type":"post","link":"https:\/\/renouveau-democratie.eu\/fr\/2024\/06\/cese-la-liste-rd-asap-et-independants-triomphe-a-nouveau\/","title":{"rendered":"CESE &#8211; La liste R&amp;D-ASAP et ind\u00e9pendants triomphe, \u00e0 nouveau&#8230;"},"content":{"rendered":"\n<p class=\"has-text-align-right\">Bruxelles, le 24 juin 2024<\/p>\n\n\n\n<div style=\"height:13px\" aria-hidden=\"true\" class=\"wp-block-spacer\"><\/div>\n\n\n\n<h2 class=\"wp-block-heading has-text-align-center\"><em>La liste R&amp;D-ASAP et ind\u00e9pendants triomphe, \u00e0 nouveau,<\/em> <em>lors des \u00e9lections pour le renouvellement du<\/em> <em>Comit\u00e9 du personnel au CESE\u00a0<\/em> <em>en obtenant 8 si\u00e8ges sur 11 !<\/em><\/h2>\n\n\n\n<div style=\"height:12px\" aria-hidden=\"true\" class=\"wp-block-spacer\"><\/div>\n\n\n\n<h2 class=\"wp-block-heading has-text-align-center has-white-background-color has-background\">MERCI VRAIMENT\u00a0DU FOND DE NOTRE C\u0152UR !<\/h2>\n\n\n\n<div style=\"height:19px\" aria-hidden=\"true\" class=\"wp-block-spacer\"><\/div>\n\n\n\n<p><strong>R<\/strong><strong>&amp;<\/strong><strong>D <\/strong><strong>tient \u00e0 remercier infiniment les coll\u00e8gues du Comit\u00e9 \u00c9conomique et social (CESE) pour le nouveau succ\u00e8s historique qu\u2019elles-ils nous ont permis d&rsquo;obtenir en octroyant 8 si\u00e8ges sur 11 \u00e0 notre liste commune avec nos confr\u00e8res de ASAP ainsi que nos coll\u00e8gues non-affili\u00e9s lors des \u00e9lections pour le renouvellement du comit\u00e9 du personnel au CESE&nbsp;!<\/strong><\/p>\n\n\n\n<div style=\"height:16px\" aria-hidden=\"true\" class=\"wp-block-spacer\"><\/div>\n\n\n\n<p><strong><em>Des \u00e9lections d\u2019une importance toute particuli\u00e8re&#8230;<\/em><\/strong><\/p>\n\n\n\n<p>En effet, le CESE est enfin sorti de la crise politique et administrative tr\u00e8s profonde qui avait tellement terni son image notamment dans la mise en cause de faits graves de harc\u00e8lement d\u00e9nonc\u00e9s par <strong>R<\/strong><strong>&amp;<\/strong><strong>D<\/strong>, confirm\u00e9s par l\u2019OLAF et ayant conduit le Parlement europ\u00e9en \u00e0 la d\u00e9cision historique de refuser et postposer les d\u00e9charges au CESE en formulant des critiques accablantes confirmant tout le bien fond\u00e9 de nos prises de position&nbsp;<strong><em>(<\/em><\/strong><a href=\"https:\/\/renouveau-democratie.eu\/fr\/prevention-des-risques-psychosociaux\/cese-harcelement\/\"><strong><em>lien<\/em><\/strong><\/a><strong><em>).<\/em><\/strong><\/p>\n\n\n\n<p>Crise qui a \u00e9t\u00e9 aggrav\u00e9e par le refus de l\u2019ancien Pr\u00e9sident et par l\u2019administration du CESE de proc\u00e9der dans les faits \u00e0 toute v\u00e9ritable r\u00e9forme en se livrant sans cesse \u00e0 des annonces et des proclamations solennelles jamais suivies de v\u00e9ritables effets.<\/p>\n\n\n\n<p>En suscitant la r\u00e9action on ne peut plus ferme du PE, jusqu\u2019\u00e0 amener la presse \u00e0 qualifier le CESE \u00ab&nbsp;d\u2019institution zombie&nbsp;\u00bb<\/p>\n\n\n\n<p><strong>\u00c0 cet \u00e9gard, pour&nbsp;<\/strong><strong>R<\/strong><strong>&amp;<\/strong><strong>D<\/strong><strong>,&nbsp;il n\u2019a jamais \u00e9t\u00e9 question \u00ab&nbsp;de jeter le b\u00e9b\u00e9 avec l\u2019eau du bain&nbsp;\u00bb en faisant payer \u00e0 toute une institution et \u00e0 son personnel, <\/strong>la mauvaise gestion d\u2019une administration dont, \u00e0 plusieurs reprises, il a fallu mettre en \u00e9vidence les d\u00e9faillances graves et les omissions impardonnables.<\/p>\n\n\n\n<p><strong>Par la suite, nous avons tout particuli\u00e8rement appr\u00e9ci\u00e9 l\u2019esprit d\u2019ouverture et de dialogue dont le nouveau Pr\u00e9sident et la nouvelle Secr\u00e9taire g\u00e9n\u00e9rale ont fait preuve en d\u00e9montrant avoir parfaitement conscience que d\u00e9fendre la continuit\u00e9 n\u2019\u00e9tait pas une option plausible mais qu\u2019il \u00e9tait urgent d\u2019imposer les changements n\u00e9cessaires. Certes, beaucoup reste encore \u00e0 faire.<\/strong><\/p>\n\n\n\n<p><strong>Dans ce contexte, les r\u00e9sultats des \u00e9lections qui viennent de se tenir ont confirm\u00e9 une nouvelle fois et de fa\u00e7on incontestable que le personnel du CESE soutient plus massivement que jamais notre volont\u00e9 de poursuivre les efforts pour le renouveau et les changements profonds des modes de gestion dont le CESE a besoin et que son personnel m\u00e9rite.<\/strong><\/p>\n\n\n\n<div style=\"height:16px\" aria-hidden=\"true\" class=\"wp-block-spacer\"><\/div>\n\n\n\n<p><strong><em>Nous sommes conscients de devoir m\u00e9riter la grande confiance octroy\u00e9e par le personnel et que l\u2019obligation de rendre compte n\u2019est pas un slogan vide jamais suivi d\u2019effets comme a sembl\u00e9 le croire le CESE&nbsp; par le pass\u00e9 \u2026<\/em><\/strong><\/p>\n\n\n\n<p><strong>Nous sommes conscients de la grande responsabilit\u00e9 qui nous incombe avec nos confr\u00e8res de ASAP et les coll\u00e8gues non-affili\u00e9s apr\u00e8s un tel nouveau triomphe \u00e9lectoral.<\/strong><\/p>\n\n\n\n<p><strong>Notre engagement reste le m\u00eame: m\u00e9riter la confiance d\u00e9montr\u00e9e par les \u00e9lecteurs et rendre compte de nos actions \u00e0 chaque instant.<\/strong><\/p>\n\n\n\n<p><strong>Ces r\u00e9sultats consolident le r\u00f4le de <\/strong><strong>R<\/strong><strong>&amp;<\/strong><strong>D f\u00e9d\u00e9ral<\/strong><strong> <\/strong><strong>en tant que premier syndicat de la fonction publique euro\u00adp\u00e9enne \u00e0 travers toutes les institutions !&nbsp;<\/strong><\/p>\n\n\n\n<p><strong>Et c\u2019est tout <\/strong><strong>R<\/strong><strong>&amp;<\/strong><strong>D f\u00e9d\u00e9ral<\/strong><strong>, en tant que communaut\u00e9 fond\u00e9e sur des valeurs communes qui se met aujourd\u2019hui plus que jamais aussi au service des coll\u00e8gues du CESE!&nbsp;<\/strong><\/p>\n\n\n\n<p class=\"has-text-align-center\">Cristiano Sebastiani,<\/p>\n\n\n\n<p class=\"has-text-align-center\">Pr\u00e9sident<\/p>\n\n\n\n<div style=\"height:100px\" aria-hidden=\"true\" class=\"wp-block-spacer\"><\/div>\n","protected":false},"excerpt":{"rendered":"<p>Bruxelles, le 24 juin 2024 La liste R&amp;D-ASAP et ind\u00e9pendants triomphe, \u00e0 nouveau, lors des \u00e9lections pour le renouvellement du Comit\u00e9 du personnel au CESE\u00a0 en obtenant 8 si\u00e8ges sur 11 ! MERCI VRAIMENT\u00a0DU FOND DE NOTRE C\u0152UR ! R&amp;D tient \u00e0 remercier infiniment les coll\u00e8gues du Comit\u00e9 \u00c9conomique et social (CESE) pour le nouveau [&hellip;]<\/p>\n","protected":false},"author":19,"featured_media":0,"comment_status":"closed","ping_status":"closed","sticky":false,"template":"","format":"standard","meta":{"footnotes":""},"categories":[153,40],"tags":[],"_links":{"self":[{"href":"https:\/\/renouveau-democratie.eu\/fr\/wp-json\/wp\/v2\/posts\/28328"}],"collection":[{"href":"https:\/\/renouveau-democratie.eu\/fr\/wp-json\/wp\/v2\/posts"}],"about":[{"href":"https:\/\/renouveau-democratie.eu\/fr\/wp-json\/wp\/v2\/types\/post"}],"author":[{"embeddable":true,"href":"https:\/\/renouveau-democratie.eu\/fr\/wp-json\/wp\/v2\/users\/19"}],"replies":[{"embeddable":true,"href":"https:\/\/renouveau-democratie.eu\/fr\/wp-json\/wp\/v2\/comments?post=28328"}],"version-history":[{"count":1,"href":"https:\/\/renouveau-democratie.eu\/fr\/wp-json\/wp\/v2\/posts\/28328\/revisions"}],"predecessor-version":[{"id":28329,"href":"https:\/\/renouveau-democratie.eu\/fr\/wp-json\/wp\/v2\/posts\/28328\/revisions\/28329"}],"wp:attachment":[{"href":"https:\/\/renouveau-democratie.eu\/fr\/wp-json\/wp\/v2\/media?parent=28328"}],"wp:term":[{"taxonomy":"category","embeddable":true,"href":"https:\/\/renouveau-democratie.eu\/fr\/wp-json\/wp\/v2\/categories?post=28328"},{"taxonomy":"post_tag","embeddable":true,"href":"https:\/\/renouveau-democratie.eu\/fr\/wp-json\/wp\/v2\/tags?post=28328"}],"curies":[{"name":"wp","href":"https:\/\/api.w.org\/{rel}","templated":true}]}}