{"id":28106,"date":"2024-04-17T11:03:34","date_gmt":"2024-04-17T09:03:34","guid":{"rendered":"https:\/\/renouveau-democratie.eu\/?p=28106"},"modified":"2024-04-17T11:03:56","modified_gmt":"2024-04-17T09:03:56","slug":"renforcement-de-la-gouvernance-de-la-commission-vis-a-vis-des-agences-et-autres-organismes-externes","status":"publish","type":"post","link":"https:\/\/renouveau-democratie.eu\/fr\/2024\/04\/renforcement-de-la-gouvernance-de-la-commission-vis-a-vis-des-agences-et-autres-organismes-externes\/","title":{"rendered":"Renforcement de la gouvernance de la Commission vis-\u00e0-vis des agences et autres organismes externes"},"content":{"rendered":"\n<p class=\"has-text-align-right\">Bruxelles, le 17 avril 2024<\/p>\n\n\n\n<h2 class=\"wp-block-heading has-text-align-center\">Note \u00e0 l\u2019attention de Johannes Hahn,<\/h2>\n\n\n\n<h2 class=\"wp-block-heading has-text-align-center\">Commissaire en charge du Budget et de l\u2019Administration<\/h2>\n\n\n\n<div style=\"height:24px\" aria-hidden=\"true\" class=\"wp-block-spacer\"><\/div>\n\n\n\n<p class=\"has-medium-font-size\"><strong>Objet\u00a0: Renforcement de la gouvernance de la Commission vis-\u00e0-vis des agences et autres organismes externes<\/strong><\/p>\n\n\n\n<p>Face \u00e0 la prolif\u00e9ration de nouvelles Agences et JUs, les OSP ont alert\u00e9 la Commission sur les limites de la gouvernance assur\u00e9e par elle. La Commission n\u2019\u00e9tait pas jusqu\u2019\u00e0 pr\u00e9sent \u00e0 m\u00eame de promouvoir un fonctionnement correct des agences alors qu\u2019elle est <em>in fine<\/em> responsable de l\u2019application budg\u00e9taire, du respect du statut, du d\u00e9roulement du dialogue social. Cela a eu des cons\u00e9quences n\u00e9gatives, nous avons connus de d\u00e9rives, parfois graves.<\/p>\n\n\n\n<p>De m\u00eame, \u00e0 plusieurs reprises, notamment dans le cadre des exercices de d\u00e9charge, le PE a constat\u00e9 \u00e0 son tour des dysfonctionnements parfois tr\u00e8s graves affectant les Agences et les JUs et a appel\u00e9 \u00e0 son tour la Commission \u00e0 assurer pleinement ses missions de gouvernance.<\/p>\n\n\n\n<p>De plus, concernant les probl\u00e8mes relatifs \u00e0 la gestion des Agences ex\u00e9cutives, les Directions g\u00e9n\u00e9rales de tutelle n\u2019ont pas toujours sembl\u00e9 \u00eatre pr\u00eates \u00e0 exercer pleinement leurs responsabilit\u00e9s au nom d\u2019une pr\u00e9tendue autonomie des Agences les emp\u00eachant d\u2019intervenir. Ceci en d\u00e9pit d\u2019un cadre juridique clair \u00e9tablissant leurs responsabilit\u00e9s.&nbsp; Les choses sont en passe d\u2019\u00e9voluer maintenant, ce qui est appr\u00e9ci\u00e9.<\/p>\n\n\n\n<p>Dans ces conditions, il \u00e9tait in\u00e9vitable, comme nous l\u2019avons soulign\u00e9, que les coll\u00e8gues affect\u00e9s aupr\u00e8s des Agences et JUS ressentent la frustration d\u2019\u00eatre consid\u00e9r\u00e9s de mani\u00e8re tout \u00e0 fait inacceptable tel un personnel \u00ab&nbsp;de deuxi\u00e8me classe&nbsp;\u00bb.&nbsp;<\/p>\n\n\n\n<p><strong>Dans ce contexte, c\u2019est avec satisfaction que nous avons pris acte, sous votre impulsion de la volont\u00e9 de la Commission de renforcer de mani\u00e8re consid\u00e9rable et visible sa gouvernance \u00e0 cet \u00e9gard, objectif que nous r\u00e9clamions<\/strong><\/p>\n\n\n\n<p>D\u2019une part, nous avons d\u00e9j\u00e0 pu constater de mani\u00e8re visible ce changement d\u2019approche dans l\u2019attention r\u00e9serv\u00e9e et les r\u00e9ponses obtenues aux sollicitations des OSP concernant certaines agences, dont Fusion For Energy (F4E), et nous tenons \u00e0 cet \u00e9gard \u00e0 remercier plus particuli\u00e8rement les Commissaires concern\u00e9s ainsi que les services du SG, de la DG HR et la DG ENER en tant DG de tutelle de F4E.<\/p>\n\n\n\n<p><strong>Il est maintenant essentiel que la DG ENER et la DG HR poursuivent voire renforcent leurs efforts afin d&rsquo;assister F4E et assurer une mise en \u0153uvre irr\u00e9prochable de toutes les proc\u00e9dures \u00e0 organiser, entre autres, dans le cadre de la r\u00e9organisation annonc\u00e9e<\/strong><strong>, <\/strong><strong>tout en garantissant une place au n\u00e9cessaire dialogue social dans l\u2019agence.&nbsp;<\/strong><\/p>\n\n\n\n<p>Force est n\u00e9anmoins de constater que la m\u00eame attention s\u2019impose concernant les dysfonctionnements constat\u00e9s au sein d\u2019autres Agences d\u00e9centralis\u00e9es.<\/p>\n\n\n\n<p>D\u2019autre part, nous avons salu\u00e9 qu\u2019en 2023, le \u00ab&nbsp;Corporate Management Board&nbsp;\u00bb a demand\u00e9 la mise en place d&rsquo;un groupe interservices compos\u00e9 des services centraux pour r\u00e9fl\u00e9chir aux am\u00e9liorations possibles concernant les agences d\u00e9centralis\u00e9es et des r\u00e9sultats pr\u00e9liminaires lui ont d\u00e9j\u00e0 \u00e9t\u00e9 communiqu\u00e9s en demandant de poursuivre la r\u00e9flexion.<\/p>\n\n\n\n<p>Il est inutile de souligner, qu\u2019il s\u2019agit l\u00e0 d\u2019un dossier qui concerne des milliers de coll\u00e8gues et que nous suivons avec la plus grande attention.<\/p>\n\n\n\n<p>\u00c0 cet \u00e9gard, il nous semble important d\u2019associer \u00e9galement la repr\u00e9sentation du personnel \u00e0 ces r\u00e9flexions en la tenant inform\u00e9e par rapport aux r\u00e9sultats d\u00e9j\u00e0 obtenus, des suites envisag\u00e9es par rapport aux \u00e9checs \u00e9chou\u00e9s, comme l\u2019introduction d\u2019un droit de v\u00e9to de la Commission dans la prise de d\u00e9cision des conseils d\u2019administration des Agences ainsi qu\u2019aux autres pistes de r\u00e9flexions actuellement poursuivies.&nbsp;<\/p>\n\n\n\n<p><strong>Compte tenu de ce qui pr\u00e9c\u00e8de, nous demandons de convoquer une r\u00e9union de dialogue social sur ce dossier pour poursuivre un dialogue efficace et fructueux.<\/strong><\/p>\n\n\n\n<figure class=\"wp-block-table\"><table><tbody><tr><td>C. Sebastiani \/ R.Trujillo<\/td><td>T. Weber<\/td><td>N. Mavraganis<\/td><td>G. Vlandas \/ H. Conefrey<\/td><\/tr><tr><td>Alliance<\/td><td>Generation 2004&nbsp;<\/td><td>USF<\/td><td>RS- U4U\/USHU&nbsp;<\/td><\/tr><\/tbody><\/table><\/figure>\n\n\n\n<p>Copie&nbsp;:<\/p>\n\n\n\n<p>Mme K. Simson, Commissaire en charge de l\u2019Energie<\/p>\n\n\n\n<p>Mme J. Petkova, Directeur de la Coordination et de l\u2019Administration, Cabinet de la Pr\u00e9sidente von der Leyen<\/p>\n\n\n\n<p>M. D. M\u00fcller, Chef de cabinet Hahn<\/p>\n\n\n\n<p>Mme S. Bikar, Cheffe de cabinet adjointe Hahn<\/p>\n\n\n\n<p>M. S. Grassi, Chef de cabinet Simson<\/p>\n\n\n\n<p>M. P. Kadarik, Chef de cabinet adjoint Simson<\/p>\n\n\n\n<p>Mme. I. Juhansone, Secr\u00e9taire g\u00e9n\u00e9rale<\/p>\n\n\n\n<p>M. C. Roques, Directeur g\u00e9n\u00e9ral <em>(f.f.) <\/em>DG HR<\/p>\n\n\n\n<p>Mme. S. Riso, Directeur g\u00e9n\u00e9ral DG BUDG<\/p>\n\n\n\n<p>M. D. Calleja Crespo, Directeur g\u00e9n\u00e9ral, Service Juridique<\/p>\n\n\n\n<p>Ms. D. Juul-Joergensen Directeur g\u00e9n\u00e9ral DG ENER<\/p>\n\n\n\n<p>M. M. Garribba Directeur g\u00e9n\u00e9ral adjoint ENER DDG2<\/p>\n\n\n\n<p>M. M. Lachaise Directeur F4E<\/p>\n\n\n\n<p>Le personnel<\/p>\n\n\n\n<div style=\"height:100px\" aria-hidden=\"true\" class=\"wp-block-spacer\"><\/div>\n","protected":false},"excerpt":{"rendered":"<p>Bruxelles, le 17 avril 2024 Note \u00e0 l\u2019attention de Johannes Hahn, Commissaire en charge du Budget et de l\u2019Administration Objet\u00a0: Renforcement de la gouvernance de la Commission vis-\u00e0-vis des agences et autres organismes externes Face \u00e0 la prolif\u00e9ration de nouvelles Agences et JUs, les OSP ont alert\u00e9 la Commission sur les limites de la gouvernance [&hellip;]<\/p>\n","protected":false},"author":19,"featured_media":0,"comment_status":"closed","ping_status":"closed","sticky":false,"template":"","format":"standard","meta":{"footnotes":""},"categories":[132,244],"tags":[],"_links":{"self":[{"href":"https:\/\/renouveau-democratie.eu\/fr\/wp-json\/wp\/v2\/posts\/28106"}],"collection":[{"href":"https:\/\/renouveau-democratie.eu\/fr\/wp-json\/wp\/v2\/posts"}],"about":[{"href":"https:\/\/renouveau-democratie.eu\/fr\/wp-json\/wp\/v2\/types\/post"}],"author":[{"embeddable":true,"href":"https:\/\/renouveau-democratie.eu\/fr\/wp-json\/wp\/v2\/users\/19"}],"replies":[{"embeddable":true,"href":"https:\/\/renouveau-democratie.eu\/fr\/wp-json\/wp\/v2\/comments?post=28106"}],"version-history":[{"count":2,"href":"https:\/\/renouveau-democratie.eu\/fr\/wp-json\/wp\/v2\/posts\/28106\/revisions"}],"predecessor-version":[{"id":28108,"href":"https:\/\/renouveau-democratie.eu\/fr\/wp-json\/wp\/v2\/posts\/28106\/revisions\/28108"}],"wp:attachment":[{"href":"https:\/\/renouveau-democratie.eu\/fr\/wp-json\/wp\/v2\/media?parent=28106"}],"wp:term":[{"taxonomy":"category","embeddable":true,"href":"https:\/\/renouveau-democratie.eu\/fr\/wp-json\/wp\/v2\/categories?post=28106"},{"taxonomy":"post_tag","embeddable":true,"href":"https:\/\/renouveau-democratie.eu\/fr\/wp-json\/wp\/v2\/tags?post=28106"}],"curies":[{"name":"wp","href":"https:\/\/api.w.org\/{rel}","templated":true}]}}