{"id":27656,"date":"2024-01-10T13:57:51","date_gmt":"2024-01-10T11:57:51","guid":{"rendered":"https:\/\/renouveau-democratie.eu\/?p=27656"},"modified":"2024-01-10T16:28:48","modified_gmt":"2024-01-10T14:28:48","slug":"replay-le-burn-out-diagnostiquer-prevenir-reagir-avec-bruno-humbeeck","status":"publish","type":"post","link":"https:\/\/renouveau-democratie.eu\/fr\/2024\/01\/replay-le-burn-out-diagnostiquer-prevenir-reagir-avec-bruno-humbeeck\/","title":{"rendered":"REPLAY &#8211; Le Burn-out, diagnostiquer, pr\u00e9venir, r\u00e9agir&#8230; avec Bruno Humbeeck"},"content":{"rendered":"\n<h2 class=\"wp-block-heading has-text-align-center\">Le burn-out&#8230;<\/h2>\n\n\n\n<h2 class=\"wp-block-heading has-text-align-center\">Diagnostiquer, pr\u00e9venir, r\u00e9agir\u2026 <\/h2>\n\n\n\n<p class=\"has-text-align-center\">REPLAY &#8211; Conf\u00e9rence du Lundi 11 d\u00e9cembre de 16h30 \u00e0 18h00<\/p>\n\n\n\n<div style=\"height:19px\" aria-hidden=\"true\" class=\"wp-block-spacer\"><\/div>\n\n\n\n<div class=\"wp-block-columns is-layout-flex wp-container-core-columns-is-layout-1 wp-block-columns-is-layout-flex\">\n<div class=\"wp-block-column is-layout-flow wp-block-column-is-layout-flow\" style=\"flex-basis:25%\"><\/div>\n\n\n\n<div class=\"wp-block-column is-layout-flow wp-block-column-is-layout-flow\" style=\"flex-basis:50%\">\n<figure class=\"wp-block-embed is-type-video is-provider-youtube wp-block-embed-youtube wp-embed-aspect-16-9 wp-has-aspect-ratio\"><div class=\"wp-block-embed__wrapper\">\n<iframe loading=\"lazy\" title=\"Renouveau &amp; D\u00e9mocratie - Bruno HUMBEECK - Le Burn-out, diagnostiquer, pr\u00e9venir, r\u00e9agir\" width=\"768\" height=\"432\" src=\"https:\/\/www.youtube.com\/embed\/PCMJSNjuFF0?list=PLrBIl4mCc3n8RgNLpc23pfrzPqOH1F7zs\" frameborder=\"0\" allow=\"accelerometer; autoplay; clipboard-write; encrypted-media; gyroscope; picture-in-picture; web-share\" allowfullscreen><\/iframe>\n<\/div><\/figure>\n\n\n\n<p class=\"has-text-align-center\"><a href=\"https:\/\/renouveau-democratie.eu\/wp-content\/uploads\/2024\/01\/BURNOUT-P.P_.pdf\" target=\"_blank\" rel=\"noreferrer noopener\">Presentation<\/a><\/p>\n<\/div>\n\n\n\n<div class=\"wp-block-column is-layout-flow wp-block-column-is-layout-flow\" style=\"flex-basis:25%\"><\/div>\n<\/div>\n\n\n\n<p class=\"has-text-align-center has-small-font-size\"><em>Psychop\u00e9dagogue, Docteur en Sciences de l\u2019\u00c9ducation, Charg\u00e9 d\u2019enseignement \u00e0 l\u2019universit\u00e9 de Mons et<\/em> <em>Responsable du Centre de Ressource \u00c9ducative pour l\u2019Action Sociale (CREAS), il travaille sur des projets de recherche portant sur relations \u00e9cole-famille et soci\u00e9t\u00e9 au sein du Centre de Recherche en Inclusion Sociale.<\/em><\/p>\n\n\n\n<div style=\"height:14px\" aria-hidden=\"true\" class=\"wp-block-spacer\"><\/div>\n\n\n\n<p>Le burn-out et toutes les formes de violence subies au quotidien signent des ruptures dans le processus d&rsquo;\u00e9panouissement que le sujet associe \u00e0 son lien au travail.&nbsp;De l\u2019\u00e9cole \u00e0 l\u2019entreprise, chacun est amen\u00e9 \u00e0 se construire. Mais l\u2019individualisme croissant, le d\u00e9ficit d\u2019empathie et la pression identitaire peuvent faire de ces espaces de construction des lieux de souffrance o\u00f9 la lutte des places a tendance \u00e0 remplacer la lutte des classes.<\/p>\n\n\n\n<p>Le burn-out signe une rupture dans le processus d\u2019\u00e9panouissement que le sujet associe \u00e0 son lien au travail. La gu\u00e9rison passe alors par un retour sur soi afin de r\u00e9\u00e9valuer ses aspirations professionnelles et ses limites.<\/p>\n\n\n\n<p><strong>Au cours de cette conf\u00e9rence, nous avons abord\u00e9 les diff\u00e9rentes formes de burn-out&nbsp;: le burn-out \u00e9motionnel, identitaire ou motivationnel afin de pouvoir les diagnostiquer pr\u00e9cis\u00e9ment et en r\u00e9aliser une pr\u00e9vention efficace.&nbsp;&nbsp;<\/strong><\/p>\n\n\n\n<div style=\"height:18px\" aria-hidden=\"true\" class=\"wp-block-spacer\"><\/div>\n\n\n\n<div class=\"wp-block-columns are-vertically-aligned-center has-white-background-color has-background is-layout-flex wp-container-core-columns-is-layout-2 wp-block-columns-is-layout-flex\">\n<div class=\"wp-block-column is-vertically-aligned-center is-layout-flow wp-block-column-is-layout-flow\" style=\"flex-basis:33.33%\"><div class=\"wp-block-image\">\n<figure class=\"aligncenter size-full is-resized\"><img loading=\"lazy\" decoding=\"async\" src=\"https:\/\/renouveau-democratie.eu\/wp-content\/uploads\/2021\/09\/Bruno-Humbeeck.png\" alt=\"\" class=\"wp-image-23895\" width=\"184\" height=\"234\" srcset=\"https:\/\/renouveau-democratie.eu\/wp-content\/uploads\/2021\/09\/Bruno-Humbeeck.png 338w, https:\/\/renouveau-democratie.eu\/wp-content\/uploads\/2021\/09\/Bruno-Humbeeck-236x300.png 236w\" sizes=\"(max-width: 184px) 100vw, 184px\" \/><\/figure><\/div><\/div>\n\n\n\n<div class=\"wp-block-column is-vertically-aligned-center is-layout-flow wp-block-column-is-layout-flow\" style=\"flex-basis:66.66%\">\n<p>Replay<\/p>\n\n\n\n<p><a rel=\"noreferrer noopener\" href=\"https:\/\/www.youtube.com\/watch?v=h-AmjLyXH_8&amp;list=PLrBIl4mCc3n8RgNLpc23pfrzPqOH1F7zs\" target=\"_blank\"><em>Le cyber-harc\u00e8lement, parlons-en<\/em><\/a><em>!<\/em><\/p>\n\n\n\n<p><a href=\"https:\/\/www.youtube.com\/watch?v=oi-0ZPT1PVU&amp;list=PLrBIl4mCc3n8RgNLpc23pfrzPqOH1F7zs&amp;index=1\" target=\"_blank\" rel=\"noreferrer noopener\"><em>Aider son enfant \u00e0 bien vivre l\u2019\u00e9cole<\/em><\/a><\/p>\n\n\n\n<p><a href=\"https:\/\/www.youtube.com\/watch?v=5XZtHvov8ec\" target=\"_blank\" rel=\"noreferrer noopener\"><em>L\u2019intelligence \u00e9motionnelle \u00e0 l\u2019\u00e9cole et en famille<\/em><\/a><\/p>\n\n\n\n<p><a href=\"https:\/\/www.youtube.com\/watch?v=1mftiTuA6YI&amp;t=1s\" target=\"_blank\" rel=\"noreferrer noopener\"><em>La R\u00e9silience, qu\u2019est-ce que c\u2019est?<\/em><\/a><em>&nbsp;<\/em><\/p>\n\n\n\n<p><a href=\"https:\/\/www.youtube.com\/watch?v=Rz_KXQ8VxnM&amp;list=PLrBIl4mCc3n9BTAWlAoQCFL5BaCdaKa4a\" target=\"_blank\" rel=\"noreferrer noopener\"><em>T\u00e9l\u00e9travail et enfants en p\u00e9riode de pand\u00e9mie<\/em><\/a><em>&nbsp;<\/em><\/p>\n\n\n\n<p><a href=\"https:\/\/www.youtube.com\/watch?v=AWH7jQVBqZM&amp;t=2s\" target=\"_blank\" rel=\"noreferrer noopener\"><em>Le burnout parental<\/em><\/a><em>&nbsp;<\/em><\/p>\n\n\n\n<p><a href=\"https:\/\/www.youtube.com\/watch?v=EIpzOFjBSYA&amp;embeds_referring_euri=https%3A%2F%2Frenouveau-democratie.eu%2F&amp;source_ve_path=OTY3MTQ&amp;feature=emb_imp_woyt\" target=\"_blank\" rel=\"noreferrer noopener\"><em>Quelles p\u00e9dagogies pour mon enfant?<\/em><\/a><em>&nbsp;<\/em><\/p>\n\n\n\n<p><a href=\"https:\/\/www.youtube.com\/watch?v=jb7h8DqoJoM&amp;list=PLrBIl4mCc3n9BTAWlAoQCFL5BaCdaKa4a\" target=\"_blank\" rel=\"noreferrer noopener\"><em>Pr\u00e9vention du cyberharc\u00e8lement et des violences scolaires<\/em><\/a><em>&nbsp;<\/em><\/p>\n<\/div>\n<\/div>\n\n\n\n<div style=\"height:100px\" aria-hidden=\"true\" class=\"wp-block-spacer\"><\/div>\n","protected":false},"excerpt":{"rendered":"<p>Le burn-out&#8230; Diagnostiquer, pr\u00e9venir, r\u00e9agir\u2026 REPLAY &#8211; Conf\u00e9rence du Lundi 11 d\u00e9cembre de 16h30 \u00e0 18h00 Presentation Psychop\u00e9dagogue, Docteur en Sciences de l\u2019\u00c9ducation, Charg\u00e9 d\u2019enseignement \u00e0 l\u2019universit\u00e9 de Mons et Responsable du Centre de Ressource \u00c9ducative pour l\u2019Action Sociale (CREAS), il travaille sur des projets de recherche portant sur relations \u00e9cole-famille et soci\u00e9t\u00e9 au sein [&hellip;]<\/p>\n","protected":false},"author":19,"featured_media":0,"comment_status":"closed","ping_status":"closed","sticky":false,"template":"","format":"standard","meta":{"footnotes":""},"categories":[110,212,162],"tags":[],"_links":{"self":[{"href":"https:\/\/renouveau-democratie.eu\/fr\/wp-json\/wp\/v2\/posts\/27656"}],"collection":[{"href":"https:\/\/renouveau-democratie.eu\/fr\/wp-json\/wp\/v2\/posts"}],"about":[{"href":"https:\/\/renouveau-democratie.eu\/fr\/wp-json\/wp\/v2\/types\/post"}],"author":[{"embeddable":true,"href":"https:\/\/renouveau-democratie.eu\/fr\/wp-json\/wp\/v2\/users\/19"}],"replies":[{"embeddable":true,"href":"https:\/\/renouveau-democratie.eu\/fr\/wp-json\/wp\/v2\/comments?post=27656"}],"version-history":[{"count":9,"href":"https:\/\/renouveau-democratie.eu\/fr\/wp-json\/wp\/v2\/posts\/27656\/revisions"}],"predecessor-version":[{"id":27679,"href":"https:\/\/renouveau-democratie.eu\/fr\/wp-json\/wp\/v2\/posts\/27656\/revisions\/27679"}],"wp:attachment":[{"href":"https:\/\/renouveau-democratie.eu\/fr\/wp-json\/wp\/v2\/media?parent=27656"}],"wp:term":[{"taxonomy":"category","embeddable":true,"href":"https:\/\/renouveau-democratie.eu\/fr\/wp-json\/wp\/v2\/categories?post=27656"},{"taxonomy":"post_tag","embeddable":true,"href":"https:\/\/renouveau-democratie.eu\/fr\/wp-json\/wp\/v2\/tags?post=27656"}],"curies":[{"name":"wp","href":"https:\/\/api.w.org\/{rel}","templated":true}]}}