{"id":24236,"date":"2021-11-18T16:41:01","date_gmt":"2021-11-18T14:41:01","guid":{"rendered":"https:\/\/renouveau-democratie.eu\/?p=24236"},"modified":"2021-11-18T16:47:33","modified_gmt":"2021-11-18T14:47:33","slug":"adaptation-salariale-2021-rd-repond-a-vos-questions","status":"publish","type":"post","link":"https:\/\/renouveau-democratie.eu\/fr\/2021\/11\/adaptation-salariale-2021-rd-repond-a-vos-questions\/","title":{"rendered":"Adaptation salariale 2021 : R&#038;D r\u00e9pond \u00e0 vos questions"},"content":{"rendered":"\n<h2 class=\"has-text-align-center wp-block-heading\"><strong>Adaptation salariale 2021 <\/strong><\/h2>\n\n\n\n<h2 class=\"has-text-align-center wp-block-heading\"><strong>R&amp;D r\u00e9pond \u00e0 vos questions<\/strong><\/h2>\n\n\n\n<div style=\"height:46px\" aria-hidden=\"true\" class=\"wp-block-spacer\"><\/div>\n\n\n\n<p>Vous avez \u00e9t\u00e9 nombreuses et nombreux \u00e0 nous poser des questions concernant l\u2019adaptation salariale 2021 et le fonctionnement de la M\u00e9thode.<\/p>\n\n\n\n<p>Vous nous avez fait part de la confusion grandissante entre ancienne et nouvelle M\u00e9thode, prise en compte de l\u2019inflation et de l\u2019\u00e9volution du PIB, effets de la clause d\u2019exception et de clause de mod\u00e9ration \u2026<\/p>\n\n\n\n<p><strong>Fid\u00e8le \u00e0 son engagement d\u2019\u00eatre toujours \u00e0 l\u2019\u00e9coute des coll\u00e8gues, <\/strong><strong>R<\/strong><strong>&amp;<\/strong><strong>D <\/strong><strong>r\u00e9pond \u00e0 vos questions et se tient \u00e0 votre enti\u00e8re disposition pour toute clarification suppl\u00e9mentaire que vous pourriez souhaiter obtenir.<\/strong><\/p>\n\n\n\n<div style=\"height:20px\" aria-hidden=\"true\" class=\"wp-block-spacer\"><\/div>\n\n\n\n<p><strong><em>La nouvelle \u00ab&nbsp;M\u00e9thode&nbsp;\u00bb en vigueur depuis 2014<\/em><\/strong><\/p>\n\n\n\n<p>Afin de respecter le principe du parall\u00e9lisme de l\u2019\u00e9volution du pouvoir d\u2019achat des fonctionnaires europ\u00e9ens et des fonctionnaires nationaux le Statut pr\u00e9voit une m\u00e9thode d\u2019adaptation annuelle des r\u00e9mun\u00e9rations.&nbsp;<\/p>\n\n\n\n<p>Lors de la R\u00e9forme de 2014 une nouvelle M\u00e9thode a \u00e9t\u00e9 pr\u00e9vue permettant d\u2019\u00e9viter les probl\u00e8mes rencontr\u00e9s par le pass\u00e9 et notamment les divergences et discussions entre les \u00c9tats Membres et les institutions (cfr Annexe XI).<\/p>\n\n\n\n<p>Sur base de cette nouvelle M\u00e9thode, la proc\u00e9dure d\u2019actualisation des salaires et des pensions a ainsi acquis un caract\u00e8re automatique et n\u2019implique plus de n\u00e9gociations p\u00e9nibles avec le Conseil ni l\u2019adoption d\u2019actes juridiques suppl\u00e9mentaires comme il \u00e9tait le cas auparavant imposant que chaque adaptation fasse l\u2019objet d\u2019un r\u00e8glement du Conseil.<\/p>\n\n\n\n<div style=\"height:20px\" aria-hidden=\"true\" class=\"wp-block-spacer\"><\/div>\n\n\n\n<p><strong><em>Adaptation annuelle des r\u00e9mun\u00e9rations<\/em><\/strong><\/p>\n\n\n\n<p>Sur base de la nouvelle M\u00e9thode&nbsp;\u00bb, l\u2019adaptation salariale annuelle est calcul\u00e9e sur base de deux composantes :<\/p>\n\n\n\n<p>1. Le cout de la vie (l\u2019inflation) en Belgique et Luxembourg (indice commun) calcul\u00e9 entre le mois de juin de l\u2019ann\u00e9e pr\u00e9c\u00e9dente et le mois de juin de l\u2019ann\u00e9e en cours (cfr. Annexe XI, section 1, article premier 2<sup>\u00e8me<\/sup> paragraphe)&nbsp;&nbsp; &nbsp;<\/p>\n\n\n\n<p>Et<\/p>\n\n\n\n<p>2. L\u2019\u00e9volution du pouvoir d\u2019achat des fonctionnaires nationaux des administrations centrales (indicateurs sp\u00e9cifiques) dans un paquet de 10 pays de l\u2019UE repr\u00e9sentant 80% du PIB de l\u2019UE . (cfr. Annexe XI, section 1, article premier 4\u00e9me paragraphe)&nbsp;&nbsp; &nbsp;<\/p>\n\n\n\n<div style=\"height:20px\" aria-hidden=\"true\" class=\"wp-block-spacer\"><\/div>\n\n\n\n<p><strong><em>Rappel des r\u00e9sultats de l\u2019application de la M\u00e9thode en 2020<\/em><\/strong><\/p>\n\n\n\n<p><strong>En 2020<\/strong>, l\u2019adaptation salariale aurait d\u00fb \u00eatre de 3,2% : 0.7% d\u2019inflation et 2.5% de parall\u00e9lisme du pouvoir d\u2019achat.<\/p>\n\n\n\n<p>Le personnel n\u2019a re\u00e7u que 0,7% \u00e0 cause de l\u2019application de la <strong>clause d\u2019exception<\/strong> (cfr. Annexe XI, section 2, chapitre 5, article 11) qui a \u00e9t\u00e9 d\u00e9clench\u00e9e par la chute du PIB de 5,9 %.<\/p>\n\n\n\n<p>La clause d\u2019exception intervient en cas de chute du PIB.<\/p>\n\n\n\n<p>N\u00e9anmoins, \u00e0 la diff\u00e9rence de la M\u00e9thode en vigueur jusqu\u2019en 2014 qui permettait au Conseil de simplement invoquer \u00ab&nbsp;une crise grave et soudaine&nbsp;\u00bb pour refuser \u00e0 tout jamais toute augmentation annuelle &#8211; comme il aurait sans nul doute le cas \u00e0 cette occasion en raison d\u2019une chute si importante du PIB &#8211; en raison de la nouvelle clause d\u2019exception <strong>l\u2019augmentation n\u2019est pas d\u00e9finitivement perdue mais report\u00e9e <\/strong>jusqu\u2019\u00e0 ce que le PIB atteigne sa valeur d\u2019avant la crise.&nbsp; Et l\u2019augmentation li\u00e9e \u00e0 l\u2019inflation est dans tous les cas vers\u00e9e.<\/p>\n\n\n\n<p>Ceci a impact positif important sur le calcul de nos salaires et de nos pensions.<\/p>\n\n\n\n<p>Ainsi, \u00e9tant donn\u00e9 la chute du PIB (-5,9%), la partie de l\u2019adaptation de 2020 induite par la comparaison du pouvoir d\u2019achat des fonctionnaires nationaux dans l\u2019UE (+ 2,5%) n\u2019a pas \u00e9t\u00e9 vers\u00e9e en 2020 et a \u00e9t\u00e9 report\u00e9e jusqu\u2019\u00e0 ce que le PIB revienne \u00e0 sa valeur initiale de 2019.&nbsp;<\/p>\n\n\n\n<div style=\"height:21px\" aria-hidden=\"true\" class=\"wp-block-spacer\"><\/div>\n\n\n\n<p><strong><em>Application de la M\u00e9thode en 2021<\/em><\/strong><\/p>\n\n\n\n<p><strong>Entre Juillet 2020 et Juillet 2021<\/strong>, <strong>l\u2019inflation a \u00e9t\u00e9 estim\u00e9e \u00e0 + 2,1 %, alors que le pouvoir d\u2019achat des fonctionnaires nationaux a recul\u00e9<\/strong> <strong>de &#8211; 0,2%.<\/strong><\/p>\n\n\n\n<p><strong>La somme des deux, soit 1,9%, sera r\u00e9percut\u00e9e dans notre bulletin de salaire de d\u00e9cembre 2021 avec effet r\u00e9troactif au 1<\/strong><strong><sup>er<\/sup><\/strong><strong> juillet 2021.<\/strong><\/p>\n\n\n\n<p>Par ailleurs, le PIB des 10 pays n\u2019augmentera que de + 4,8%, n\u2019atteignant pas la valeur d\u2019avant la crise et ne compensant pas la chute constat\u00e9e en 2019 (-5,9 %).&nbsp;<\/p>\n\n\n\n<p><strong>L\u2019augmentation de 2,5% de 2020 sera donc report\u00e9e \u00e0 d\u00e9cembre 2022, en l\u2019absence de nouvelle crise.<\/strong><\/p>\n\n\n\n<p><strong>Il existe par ailleurs <\/strong><strong>une clause de mod\u00e9ration<\/strong><strong>, qui<\/strong> est mise en \u0153uvre si l\u2019augmentation est sup\u00e9rieure \u00e0 2% (cfr. Annexe XI, section 2, chapitre 5, article 10).<\/p>\n\n\n\n<p>Cela sera peut-\u00eatre le cas en d\u00e9cembre 2022 si on additionne les 2,5% de 2020 avec le calcul (inconnu \u00e0 ce jour) de l\u2019inflation et de l\u2019\u00e9volution du pouvoir d\u2019achat en 2022.<\/p>\n\n\n\n<p>Mais \u00e0 nouveau toute augmentation d\u00e9passant 2% n\u2019est pas perdue et elle est report\u00e9e \u00e0 l\u2019ann\u00e9e suivante.&nbsp;&nbsp;<\/p>\n\n\n\n<div style=\"height:20px\" aria-hidden=\"true\" class=\"wp-block-spacer\"><\/div>\n\n\n\n<p><strong><em>Conclusion<\/em><\/strong><\/p>\n\n\n\n<p><strong>Il y aura donc bien une adaptation positive en d\u00e9cembre 2021 mais limit\u00e9e de + 1.9% dans le bulletin de salaire de d\u00e9cembre avec effet r\u00e9troactif au 1er juillet 2021.<\/strong><\/p>\n\n\n\n<p>En effet, malheureusement l\u2019augmentation du PIB en 2020 n\u2019a pas \u00e9t\u00e9 suffisante pour revenir \u00e0 sa valeur en 2019 et l\u2019adaptation de 2.5% qui n\u2019a pas \u00e9t\u00e9 vers\u00e9e en 2020 est report\u00e9e en 2022.&nbsp;&nbsp;<\/p>\n","protected":false},"excerpt":{"rendered":"<p>Adaptation salariale 2021 R&amp;D r\u00e9pond \u00e0 vos questions Vous avez \u00e9t\u00e9 nombreuses et nombreux \u00e0 nous poser des questions concernant l\u2019adaptation salariale 2021 et le fonctionnement de la M\u00e9thode. Vous nous avez fait part de la confusion grandissante entre ancienne et nouvelle M\u00e9thode, prise en compte de l\u2019inflation et de l\u2019\u00e9volution du PIB, effets de [&hellip;]<\/p>\n","protected":false},"author":19,"featured_media":0,"comment_status":"closed","ping_status":"closed","sticky":false,"template":"","format":"standard","meta":{"footnotes":""},"categories":[228],"tags":[],"_links":{"self":[{"href":"https:\/\/renouveau-democratie.eu\/fr\/wp-json\/wp\/v2\/posts\/24236"}],"collection":[{"href":"https:\/\/renouveau-democratie.eu\/fr\/wp-json\/wp\/v2\/posts"}],"about":[{"href":"https:\/\/renouveau-democratie.eu\/fr\/wp-json\/wp\/v2\/types\/post"}],"author":[{"embeddable":true,"href":"https:\/\/renouveau-democratie.eu\/fr\/wp-json\/wp\/v2\/users\/19"}],"replies":[{"embeddable":true,"href":"https:\/\/renouveau-democratie.eu\/fr\/wp-json\/wp\/v2\/comments?post=24236"}],"version-history":[{"count":2,"href":"https:\/\/renouveau-democratie.eu\/fr\/wp-json\/wp\/v2\/posts\/24236\/revisions"}],"predecessor-version":[{"id":24238,"href":"https:\/\/renouveau-democratie.eu\/fr\/wp-json\/wp\/v2\/posts\/24236\/revisions\/24238"}],"wp:attachment":[{"href":"https:\/\/renouveau-democratie.eu\/fr\/wp-json\/wp\/v2\/media?parent=24236"}],"wp:term":[{"taxonomy":"category","embeddable":true,"href":"https:\/\/renouveau-democratie.eu\/fr\/wp-json\/wp\/v2\/categories?post=24236"},{"taxonomy":"post_tag","embeddable":true,"href":"https:\/\/renouveau-democratie.eu\/fr\/wp-json\/wp\/v2\/tags?post=24236"}],"curies":[{"name":"wp","href":"https:\/\/api.w.org\/{rel}","templated":true}]}}