{"id":23069,"date":"2021-04-13T22:20:00","date_gmt":"2021-04-13T20:20:00","guid":{"rendered":"\/?p=23069"},"modified":"2021-08-23T22:57:11","modified_gmt":"2021-08-23T20:57:11","slug":"covid-19-the-commissions-vaccine-acquisition-strategy-with-fabio-colasanti","status":"publish","type":"post","link":"https:\/\/renouveau-democratie.eu\/fr\/2021\/04\/covid-19-the-commissions-vaccine-acquisition-strategy-with-fabio-colasanti\/","title":{"rendered":"e \u2013 conference: La strat\u00e9gie d\u2019acquisition des vaccins de la Commission avec Fabio COLASANTI"},"content":{"rendered":"\n<h2 class=\"wp-block-heading\">COVID 19 \u2013 La strat\u00e9gie d\u2019acquisition des vaccins de la Commission avec Fabio COLASANTI<\/h2>\n\n\n\n<div style=\"height:19px\" aria-hidden=\"true\" class=\"wp-block-spacer\"><\/div>\n\n\n\n<figure class=\"wp-block-embed is-type-video is-provider-youtube wp-block-embed-youtube wp-embed-aspect-4-3 wp-has-aspect-ratio\"><div class=\"wp-block-embed__wrapper\">\n<iframe loading=\"lazy\" title=\"Renouveau et D\u00e9mocratie - COVID19 The Commission&#039;s vaccine acquisition strategy with Fabio COLASANTI\" width=\"768\" height=\"576\" src=\"https:\/\/www.youtube.com\/embed\/o4KN4z0vlsI?start=3&#038;feature=oembed\" frameborder=\"0\" allow=\"accelerometer; autoplay; clipboard-write; encrypted-media; gyroscope; picture-in-picture\" allowfullscreen><\/iframe>\n<\/div><\/figure>\n\n\n\n<div style=\"height:19px\" aria-hidden=\"true\" class=\"wp-block-spacer\"><\/div>\n\n\n\n<p><strong>COVID 19 \u2013 La strat\u00e9gie d\u2019acquisition des vaccins de la Commission\u2026 Mardi 13 avril de 13h \u00e014h30 avec Fabio COLASANTI, ancien Directeur G\u00e9n\u00e9ral de la DG Information, Soci\u00e9t\u00e9 et M\u00e9dia (Commission europ\u00e9enne)<\/strong><\/p>\n\n\n\n<p>L\u2019\u00e9cart dans les r\u00e9sultats de la strat\u00e9gie d\u2019acquisition des vaccins contre la COVID 19 de la Commission com\u00adpar\u00e9s \u00e0 ceux obtenus par les \u00c9tats-Unis, le Royaume Uni et Isra\u00ebl&nbsp;:&nbsp; Serait-ce la cons\u00e9quence de la diff\u00e9rence entre l\u2019approche \u00ab&nbsp;juridique&nbsp;\u00bb fond\u00e9e sur le respect des proc\u00e9dures et de la bonne gestion financi\u00e8re et l\u2019approche \u00ab&nbsp;pragmatique&nbsp;\u00bb bas\u00e9e sur la recherche du r\u00e9sultat avant tout&nbsp;?<br>Nous en parlerons avec Fabio Colasanti #COVID19<\/p>\n","protected":false},"excerpt":{"rendered":"<p>COVID 19 \u2013 La strat\u00e9gie d\u2019acquisition des vaccins de la Commission avec Fabio COLASANTI COVID 19 \u2013 La strat\u00e9gie d\u2019acquisition des vaccins de la Commission\u2026 Mardi 13 avril de 13h \u00e014h30 avec Fabio COLASANTI, ancien Directeur G\u00e9n\u00e9ral de la DG Information, Soci\u00e9t\u00e9 et M\u00e9dia (Commission europ\u00e9enne) L\u2019\u00e9cart dans les r\u00e9sultats de la strat\u00e9gie d\u2019acquisition des [&hellip;]<\/p>\n","protected":false},"author":19,"featured_media":0,"comment_status":"closed","ping_status":"closed","sticky":false,"template":"","format":"standard","meta":{"footnotes":""},"categories":[150,212],"tags":[],"_links":{"self":[{"href":"https:\/\/renouveau-democratie.eu\/fr\/wp-json\/wp\/v2\/posts\/23069"}],"collection":[{"href":"https:\/\/renouveau-democratie.eu\/fr\/wp-json\/wp\/v2\/posts"}],"about":[{"href":"https:\/\/renouveau-democratie.eu\/fr\/wp-json\/wp\/v2\/types\/post"}],"author":[{"embeddable":true,"href":"https:\/\/renouveau-democratie.eu\/fr\/wp-json\/wp\/v2\/users\/19"}],"replies":[{"embeddable":true,"href":"https:\/\/renouveau-democratie.eu\/fr\/wp-json\/wp\/v2\/comments?post=23069"}],"version-history":[{"count":5,"href":"https:\/\/renouveau-democratie.eu\/fr\/wp-json\/wp\/v2\/posts\/23069\/revisions"}],"predecessor-version":[{"id":23083,"href":"https:\/\/renouveau-democratie.eu\/fr\/wp-json\/wp\/v2\/posts\/23069\/revisions\/23083"}],"wp:attachment":[{"href":"https:\/\/renouveau-democratie.eu\/fr\/wp-json\/wp\/v2\/media?parent=23069"}],"wp:term":[{"taxonomy":"category","embeddable":true,"href":"https:\/\/renouveau-democratie.eu\/fr\/wp-json\/wp\/v2\/categories?post=23069"},{"taxonomy":"post_tag","embeddable":true,"href":"https:\/\/renouveau-democratie.eu\/fr\/wp-json\/wp\/v2\/tags?post=23069"}],"curies":[{"name":"wp","href":"https:\/\/api.w.org\/{rel}","templated":true}]}}