{"id":21784,"date":"2020-11-04T03:30:00","date_gmt":"2020-11-04T01:30:00","guid":{"rendered":"\/?p=21784"},"modified":"2020-12-31T03:31:43","modified_gmt":"2020-12-31T01:31:43","slug":"pandemie-de-coronavirus-rd-salue-le-succes-de-lemission-obligataire-hamiltonienne-du-programme-sure","status":"publish","type":"post","link":"https:\/\/renouveau-democratie.eu\/fr\/2020\/11\/pandemie-de-coronavirus-rd-salue-le-succes-de-lemission-obligataire-hamiltonienne-du-programme-sure\/","title":{"rendered":"PANDEMIE DE CORONAVIRUS: R&#038;D salue le succ\u00e8s de l\u2019\u00e9mission obligataire hamiltonienne du programme SURE\u2026"},"content":{"rendered":"\n<p>Bruxelles, le 4 Novembre 2020<\/p>\n\n\n\n<h2 class=\"wp-block-heading\"><strong>PANDEMIE DE CORONAVIRUS<\/strong><\/h2>\n\n\n\n<h3 class=\"wp-block-heading\"><strong>R&amp;D salue le succ\u00e8s de l\u2019\u00e9mission obligataire hamiltonienne<sup>1<\/sup>du programme SURE et appelle la Commission europ\u00e9enne \u00e0 soutenir le Parlement europ\u00e9en pour augmenter le prochain cadre financier pluriannuel<\/strong><\/h3>\n\n\n\n<p>Monsieur le Commissaire Hahn,<\/p>\n\n\n\n<p>Dans nos pr\u00e9c\u00e9dentes communications (&nbsp;<a href=\"https:\/\/www.renouveau-democratie.eu\/fr\/2020\/07\/pandemie-de-coronavirus-la-commission-europeenne-a-trouve-le-bon-remede-mais\/\"><em>lien<\/em><\/a>&nbsp;),&nbsp;<strong><em>R<\/em><\/strong><strong><em>&amp;<\/em><\/strong><strong><em>D F\u00e9d\u00e9ral<\/em><\/strong>,&nbsp;<strong>le plus grand syndicat repr\u00e9sentant le personnel des institutions de l\u2019UE, des agences ex\u00e9cutives et d\u00e9centralis\u00e9es et des autres organes de l\u2019UE<\/strong>, a appel\u00e9 la Pr\u00e9sidente et le Coll\u00e8ge \u00e0 aller \u00e0 contre-courant et \u00e0 mettre sur la table des propositions efficaces pour lutter contre la r\u00e9cession.<\/p>\n\n\n\n<p><strong>Nous tenons une fois de plus \u00e0 remercier sinc\u00e8rement les centaines de coll\u00e8gues qui nous apportent continuellement leur soutien et nous encouragent \u00e0 suivre sans rel\u00e2che la fa\u00e7on dont les diff\u00e9rentes institutions europ\u00e9ennes r\u00e9pondent aux attentes de millions de citoyens aux quatre coins de l\u2019Union.<\/strong><\/p>\n\n\n\n<p><strong>En ce sens,&nbsp;<\/strong><strong><em>R<\/em><\/strong><strong><em>&amp;<\/em><\/strong><strong><em>D F\u00e9d\u00e9ral<\/em><\/strong><strong>&nbsp;salue donc l\u2019\u00e9mission hamiltonienne des obligations du programme \u00ab&nbsp;SURE&nbsp;\u00bb<\/strong>&nbsp;qui maintiendront des centaines de milliers de personnes au travail en compl\u00e9tant divers r\u00e9gimes nationaux de soutien \u00e0 l\u2019emploi.<\/p>\n\n\n\n<p>Si nous en \u00e9tions encore au monde pr\u00e9-pand\u00e9mique, une telle \u00e9tape historique aurait \u00e9t\u00e9 inimaginable \u00e0 la fois techniquement et politiquement.<\/p>\n\n\n\n<p>Une fois de plus, l\u2019UE a rebattu les cartes en faisant preuve de r\u00e9silience face \u00e0 toute pr\u00e9diction et en montrant que c\u2019est pr\u00e9cis\u00e9ment lorsqu\u2019elle est menac\u00e9e dans son existence m\u00eame qu\u2019elle d\u00e9gage toute sa capacit\u00e9 \u00e0 fonctionner au mieux.<\/p>\n\n\n\n<p>En d\u00e9passant largement les pr\u00e9visions&nbsp;<strong>avec une demande record de 13 fois<\/strong>&nbsp;plus que le montant emprunt\u00e9, l\u2019\u00e9mission obligataire des \u00ab&nbsp;Corona Bonds&nbsp;\u00bb d\u00e9montre trois choses.<\/p>\n\n\n\n<p>En premier lieu, elle prouve l\u2019attractivit\u00e9 et la solidit\u00e9 du bloc europ\u00e9en dans son ensemble, les rendements pluriannuels offerts aux investisseurs en \u00e9tant un signe clair.<\/p>\n\n\n\n<p>Deuxi\u00e8mement, elle a ouvert la voie \u00e0 la fois aux \u00e9missions du fonds de relance \u00ab&nbsp;<strong>NextGenerationEU<\/strong><em>&nbsp;\u00bb<\/em>&nbsp;et, le cas \u00e9ch\u00e9ant, \u00e0 des outils macro\u00e9conomiques encore plus innovants qui pourraient \u00eatre lanc\u00e9s \u00e0 l\u2019avenir, comme le plaide notre taskforce d\u2019\u00e9conomistes depuis le d\u00e9but de la pand\u00e9mie de COVID-19.<\/p>\n\n\n\n<p>Enfin, elle a d\u00e9montr\u00e9 l\u2019incroyable adaptabilit\u00e9 de notre personnel. Ce m\u00eame personnel que&nbsp;<strong>vous avez r\u00e9cemment remerci\u00e9 dans une s\u00e9rie de messages vid\u00e9o sur l\u2019intranet<\/strong>&nbsp;et \u00e0 qui vous avez fait part de votre gratitude. Ce m\u00eame personnel qui jongle depuis des mois entre les r\u00e9unions Teams, l\u2019\u00e9cole \u00e0 la maison et le respect de mesures sanitaires strictes.&nbsp;<\/p>\n\n\n\n<p><strong>Nous pensons que c\u2019est la meilleure fa\u00e7on de consid\u00e9rer et de soutenir le personnel.<\/strong><\/p>\n\n\n\n<p><strong>Nous tenons donc \u00e0 vous en remercier et nous sommes sinc\u00e8rement convaincus que cette approche portera ses fruits pour investir dans le bien le plus pr\u00e9cieux, mais aussi le plus cach\u00e9, des institutions europ\u00e9ennes&nbsp;: son personnel.<\/strong><\/p>\n\n\n\n<p><strong>Hors de danger&nbsp;? Pas tout \u00e0 fait\u2026<\/strong><\/p>\n\n\n\n<p>Malgr\u00e9 ces signaux lumineux,&nbsp;<strong><em>R<\/em><\/strong><strong><em>&amp;<\/em><\/strong><strong><em>D F\u00e9d\u00e9ral<\/em><\/strong>reste r\u00e9aliste et pense toujours \u2013 contrairement aux annonces de nombreux politiciens \u2013 que le pire reste malheureusement \u00e0 venir.<\/p>\n\n\n\n<p>La mont\u00e9e en fl\u00e8che des taux d\u2019infection dans toute l\u2019Europe ces jours-ci et la perspective concr\u00e8te d\u2019un lockdown g\u00e9n\u00e9ralis\u00e9 laissent augurer de blessures et de cicatrices bien plus profondes que lors du premier confinement.<\/p>\n\n\n\n<p>\u00c0 cet \u00e9gard,&nbsp;<strong>les difficiles n\u00e9gociations sur le prochain budget pluriannuel est d\u2019autant plus inexplicable que les citoyens<\/strong>&nbsp;ont besoin de r\u00e9ponses imm\u00e9diates \u00e0 leurs probl\u00e8mes quotidiens et qu\u2019ils ont en assez du drame politique bruxellois.<\/p>\n\n\n\n<p>Depuis des semaines, les trois grandes institutions (Commission, Parlement et Conseil europ\u00e9ens) se sont battus sur une augmentation de 39 milliards \u20ac concernant diff\u00e9rents chapitres du prochain CFP (un ajustement marginal sur une p\u00e9riode de 7 ans pour une Union avec 27 \u00c9tats membres&nbsp;!) avec le risque s\u00e9rieux de devoir se pr\u00eater \u00e0 un exercice provisionnel.<\/p>\n\n\n\n<p><strong>Nous sommes certains que vous-m\u00eame et le Coll\u00e8ge appr\u00e9cierez que, plus le temps passe, moins effectif sera l\u2019accord global qui risque d\u2019avoir des effets contre-cycliques<\/strong>.<\/p>\n\n\n\n<p>Nous sommes bien conscients qu\u2019avec autant de parties impliqu\u00e9es dans la n\u00e9gociation, il est difficile de trouver un compromis et qu\u2019aucune des parties impliqu\u00e9es ne poss\u00e8de une baguette magique.<\/p>\n\n\n\n<p>Ceci \u00e9tant, nous craignons que plus le temps passe plus le point de non-retour risque d\u2019\u00eatre atteint.<\/p>\n\n\n\n<p>Il est en effet imp\u00e9ratif que l\u2019\u00e9volution positive de l\u2019opinion publique envers l\u2019UE, qui a suivi la longue approbation des accords de l\u2019\u00e9t\u00e9 dernier, ne soit pas g\u00e2ch\u00e9e et que nous acc\u00e9l\u00e9rions le pas sur ce capital de cr\u00e9dibilit\u00e9.<\/p>\n\n\n\n<p>Les institutions europ\u00e9ennes, dont le personnel travaille sur de nombreux volets diff\u00e9rents (qui vont d\u2019un vaccin \u00e0 la promotion de la solidarit\u00e9 intra UE, des r\u00e9ponses coordonn\u00e9es de l\u2019UE, de l\u2019achat d\u2019\u00e9quipement m\u00e9dical au contr\u00f4le des fronti\u00e8res en passant par l\u2019aide aux PME et \u00e0 la sauvegarde de l\u2019industrie du tourisme) doivent maintenant&nbsp;<strong>produire au plus vite un soulagement \u00e9conomique.<\/strong><\/p>\n\n\n\n<p><strong>Ceci est d\u2019autant plus n\u00e9cessaire que les r\u00e9gimes de ch\u00f4mage dans certains \u00c9tats membres ne pourront perdurer longtemps.<\/strong><\/p>\n\n\n\n<p>C\u2019est pour toutes ces raisons que&nbsp;<strong><em>R<\/em><\/strong><strong><em>&amp;<\/em><\/strong><strong><em>D F\u00e9d\u00e9ral<\/em><\/strong>&nbsp;:<\/p>\n\n\n\n<ul><li>\u00b7&nbsp;<strong>vous appelle ainsi que le Coll\u00e8ge \u00e0 travailler sans rel\u00e2che pour trouver le plus rapidement possible un r\u00e9sultat ambitieux aux n\u00e9gociations actuelles du Trilogue en vue d\u2019une enveloppe budg\u00e9taire consid\u00e9rablement accrue;<\/strong><\/li><li>\u00b7&nbsp;<strong>vous invite, ainsi que le Coll\u00e8ge, \u00e0 continuer d\u2019investir dans le personnel des institutions europ\u00e9ennes qui s\u2019est r\u00e9v\u00e9l\u00e9 capable de fournir des r\u00e9sultats significatifs dans des circonstances tr\u00e8s difficiles.<\/strong><\/li><\/ul>\n\n\n\n<p>Pour&nbsp;<strong>R<\/strong><strong>&amp;<\/strong><strong>D&nbsp;<\/strong><strong><em>F\u00e9d\u00e9ral<\/em><\/strong><\/p>\n\n\n\n<p>Cristiano Sebastiani<strong>&nbsp;R<\/strong><strong>&amp;<\/strong><strong>D Commission, Agences ex\u00e9cutive and d\u00e9centralis\u00e9es, autres organes de l\u2019UE<\/strong><\/p>\n\n\n\n<p>Beatrice Postiglione,&nbsp;<strong>R<\/strong><strong>&amp;<\/strong><strong>D Conseil<\/strong><\/p>\n\n\n\n<p>Pasquale Ciuffreda,&nbsp;<strong>R<\/strong><strong>&amp;<\/strong><strong>D Parlement europ\u00e9en<\/strong><\/p>\n\n\n\n<p>Oren Wolff,&nbsp;<strong>R<\/strong><strong>&amp;<\/strong><strong>D EEAS<\/strong><\/p>\n\n\n\n<p>Dimitrios Katsanidis,&nbsp;<strong>R<\/strong><strong>&amp;<\/strong><strong>D CDR and CSEE<\/strong>&nbsp;<\/p>\n\n\n\n<p>.<\/p>\n\n\n\n<p>Hamiltonien \u2013 l\u2019expression renvoie \u00e0 Alexandre Hamilton, p\u00e8re fondateur des \u00c9tats-Unis qui s\u2019est battu pour accro\u00eetre le pouvoir F\u00e9d\u00e9ral en participant \u00e0 l\u2019union mon\u00e9taire sous la pr\u00e9sidence de Georges Washington.<\/p>\n","protected":false},"excerpt":{"rendered":"<p>Bruxelles, le 4 Novembre 2020 PANDEMIE DE CORONAVIRUS R&amp;D salue le succ\u00e8s de l\u2019\u00e9mission obligataire hamiltonienne1du programme SURE et appelle la Commission europ\u00e9enne \u00e0 soutenir le Parlement europ\u00e9en pour augmenter le prochain cadre financier pluriannuel Monsieur le Commissaire Hahn, Dans nos pr\u00e9c\u00e9dentes communications (&nbsp;lien&nbsp;),&nbsp;R&amp;D F\u00e9d\u00e9ral,&nbsp;le plus grand syndicat repr\u00e9sentant le personnel des institutions de l\u2019UE, [&hellip;]<\/p>\n","protected":false},"author":19,"featured_media":0,"comment_status":"closed","ping_status":"closed","sticky":false,"template":"","format":"standard","meta":{"footnotes":""},"categories":[174,150],"tags":[],"_links":{"self":[{"href":"https:\/\/renouveau-democratie.eu\/fr\/wp-json\/wp\/v2\/posts\/21784"}],"collection":[{"href":"https:\/\/renouveau-democratie.eu\/fr\/wp-json\/wp\/v2\/posts"}],"about":[{"href":"https:\/\/renouveau-democratie.eu\/fr\/wp-json\/wp\/v2\/types\/post"}],"author":[{"embeddable":true,"href":"https:\/\/renouveau-democratie.eu\/fr\/wp-json\/wp\/v2\/users\/19"}],"replies":[{"embeddable":true,"href":"https:\/\/renouveau-democratie.eu\/fr\/wp-json\/wp\/v2\/comments?post=21784"}],"version-history":[{"count":1,"href":"https:\/\/renouveau-democratie.eu\/fr\/wp-json\/wp\/v2\/posts\/21784\/revisions"}],"predecessor-version":[{"id":21785,"href":"https:\/\/renouveau-democratie.eu\/fr\/wp-json\/wp\/v2\/posts\/21784\/revisions\/21785"}],"wp:attachment":[{"href":"https:\/\/renouveau-democratie.eu\/fr\/wp-json\/wp\/v2\/media?parent=21784"}],"wp:term":[{"taxonomy":"category","embeddable":true,"href":"https:\/\/renouveau-democratie.eu\/fr\/wp-json\/wp\/v2\/categories?post=21784"},{"taxonomy":"post_tag","embeddable":true,"href":"https:\/\/renouveau-democratie.eu\/fr\/wp-json\/wp\/v2\/tags?post=21784"}],"curies":[{"name":"wp","href":"https:\/\/api.w.org\/{rel}","templated":true}]}}