{"id":2137,"date":"2010-03-11T11:52:54","date_gmt":"2010-03-11T09:52:54","guid":{"rendered":"\/?p=2137"},"modified":"2010-03-12T00:37:06","modified_gmt":"2010-03-11T22:37:06","slug":"lettre-a-m-barroso-concernant-la-creation-seae","status":"publish","type":"post","link":"https:\/\/renouveau-democratie.eu\/fr\/2010\/03\/lettre-a-m-barroso-concernant-la-creation-seae\/","title":{"rendered":"Lettre \u00e0 M. Barroso concernant la cr\u00e9ation du Service europ\u00e9en pour l&rsquo;action ext\u00e9rieure"},"content":{"rendered":"<p>M. Le Pr\u00e9sident,<\/p>\n<p>Objet : Cr\u00e9ation du Service europ\u00e9en pour l&rsquo;action ext\u00e9rieure.<\/p>\n<p>Le Trait\u00e9 de Lisbonne pr\u00e9voit la cr\u00e9ation du Service europ\u00e9en pour l&rsquo;action ext\u00e9rieure.<\/p>\n<p>En fait, il s&rsquo;agit d&rsquo;enlever un certain nombre de fonctionnaires, d\u2019agents et d\u2019attributions de la Commission pour les mettre sous l&rsquo;autorit\u00e9 du Haut repr\u00e9sentant de l&rsquo;Union pour les affaires \u00e9trang\u00e8res \u00e9galement Vice Pr\u00e9sident de la Commission.<\/p>\n<p>Pour cela il convient, conform\u00e9ment au Trait\u00e9 de Lisbonne, de modifier un certain nombre de r\u00e8gles du Statut des fonctionnaires europ\u00e9ens.<\/p>\n<p>Selon nos informations, un premier d\u00e9bat d\u2019orientation du Coll\u00e8ge devrait avoir lieu demain.<\/p>\n<p>Vous n\u2019\u00eates pas sans savoir que <strong><span style=\"color: #339966;\">R<\/span><\/strong><strong><span style=\"color: #ff0000;\">&amp;<\/span><\/strong><strong><span style=\"color: #339966;\">D<span style=\"color: #000000; font-weight: normal;\">, premier syndicat de la Commission est tr\u00e8s attach\u00e9 \u00e0 la construction de l\u2019Europe et \u00e0 la m\u00e9thode communautaire. En effet, force est de constater que la m\u00e9thode communautaire et sa fonction publique associ\u00e9e ont permis de grandes avanc\u00e9es de l\u2019Europe au cours des cinquante ann\u00e9es \u00e9coul\u00e9s.<\/span><\/span><\/strong><\/p>\n<p><strong><span style=\"font-weight: normal;\">Le march\u00e9 unique, l\u2019Euro ont \u00e9t\u00e9 le fruit de la conjonction d\u2019une vision politique de long terme de la Commission \u00e9paul\u00e9e par une fonction publique, ind\u00e9pendante des Etat membres, d\u2019une qualit\u00e9 exceptionnelle et convaincue par l\u2019enjeu d\u2019une politique europ\u00e9enne.<\/span><\/strong><\/p>\n<p><strong><span style=\"font-weight: normal;\">Le Statut unique des fonctionnaires europ\u00e9ens est aujourd\u2019hui le garant de cette ind\u00e9pendance, permanence et de la qualit\u00e9 du Service public europ\u00e9en.<\/span><\/strong><\/p>\n<p><strong><strong><span style=\"color: #339966;\">R<\/span><\/strong><strong><span style=\"color: #ff0000;\">&amp;<\/span><\/strong><strong><span style=\"color: #339966;\">D<\/span> <\/strong><span style=\"font-weight: normal;\">est aujourd\u2019hui pr\u00e9occup\u00e9 par le projet de modification du Statut qui ne nous semble \u00e0 terme pas sans risque. Nous consid\u00e9rons que les adaptations devraient \u00eatre minimales et regroup\u00e9es dans un chapitre d\u00e9di\u00e9 au Service de l\u2019action ext\u00e9rieure plut\u00f4t que diss\u00e9min\u00e9es dans l\u2019ensemble du texte du Statut.<\/span><\/strong><\/p>\n<p><strong><strong><span style=\"color: #339966;\">R<\/span><\/strong><strong><span style=\"color: #ff0000;\">&amp;<\/span><\/strong><strong><span style=\"color: #339966;\">D <span style=\"color: #000000; font-weight: normal;\">souhaiterait que la vision politique du Coll\u00e8ge soit clairement affirm\u00e9e et communiqu\u00e9e au personnel afin que l\u2019information pr\u00e9sent\u00e9e aux fonctionnaires et agents de l\u2019Institution provienne plus de la Commission que de la lecture de la presse.<\/span><\/span><\/strong><\/strong><\/p>\n<p><strong><strong><span style=\"color: #339966;\">R<\/span><\/strong><strong><span style=\"color: #ff0000;\">&amp;<\/span><\/strong><strong><span style=\"color: #339966;\">D <span style=\"color: #000000; font-weight: normal;\"> est d&rsquo;avis que tous les membres du personnel de ce nouveau service devraient disposer du m\u00eame statut (permanent pour les fonctionnaires issus de la Commission ou du Conseil ou temporaire pour le personnel d\u00e9tach\u00e9 des administrations nationales) et avoir donc les m\u00eames droits et obligations quel que soit leur origine. Aucune diff\u00e9rence ne devrait \u00eatre faite entre fonctionnaires en ce qui concerne leur mission et leur position dans l&rsquo;organigramme.<\/span><\/span><\/strong><\/strong><\/p>\n<p><strong><strong><span style=\"font-weight: normal;\">Monsieur le Pr\u00e9sident, <strong><span style=\"color: #339966;\">R<\/span><\/strong><strong><span style=\"color: #ff0000;\">&amp;<\/span><\/strong><strong><span style=\"color: #339966;\">D <span style=\"color: #000000; font-weight: normal;\"> consid\u00e8re que l\u2019Union est \u00e0 un tournant important de son histoire. L\u2019Union devrait, selon nous, privil\u00e9gier l\u2019int\u00e9r\u00eat \u00e0 long terme de l\u2019Europe. <strong><span style=\"color: #339966;\">R<\/span><\/strong><strong><span style=\"color: #ff0000;\">&amp;<\/span><\/strong><strong><span style=\"color: #339966;\">D <span style=\"color: #000000; font-weight: normal;\"> soutien l&rsquo;id\u00e9e de concours sp\u00e9cifiques \u00e0 la carri\u00e8re diplomatique europ\u00e9enne.<\/span><\/span><\/strong><\/span><\/span><\/strong><\/span><\/strong><\/strong><\/p>\n<p><strong><strong><strong><strong><span style=\"font-weight: normal;\">Votre exp\u00e9rience, votre ind\u00e9pendance nous rassurent pour l\u2019avenir de l\u2019Europe : la Commission doit, pour nous, rester le moteur de l\u2019int\u00e9gration europ\u00e9enne, son pouvoir d\u2019initiative est un outil majeur pour l\u2019avenir. Rien ne serait pire qu\u2019un ravalement de la commission au rang d\u2019un secr\u00e9tariat du Conseil: pas seulement pour la Commission mais surtout pour l\u2019Europe. Le pouvoir d\u2019initiative de la Commission, la comp\u00e9tence de ses fonctionnaires permanents sont des atouts majeurs pour l\u2019Union europ\u00e9enne.<\/span><\/strong><\/strong><\/strong><\/strong><\/p>\n<p><strong><strong><strong><strong><span style=\"font-weight: normal;\">Je reste, Monsieur le Pr\u00e9sident, \u00e0 votre disposition pour tout \u00e9claircissement ou toute rencontre et vous prie de croire \u00e0 l\u2018expression de ma consid\u00e9ration distingu\u00e9e.<\/span><\/strong><\/strong><\/strong><\/strong><\/p>\n<p><strong><strong><strong><strong>F.Ianniello<\/strong><\/strong><\/strong><\/strong><\/p>\n<p><strong><strong><strong><strong><span style=\"font-weight: normal;\">Copies : Mme C Ashton, Haut repr\u00e9sentant et Vice Pr\u00e9sident de la Commission ;<br \/>\nM. les Vice Pr\u00e9sidents de la Commission, Mmes C.Day ; I Souka ; M. D Jacob<\/span><\/strong><\/strong><\/strong><\/strong><\/p>\n<p><strong><strong><strong><strong> <\/strong><\/strong><\/strong><\/strong><\/p>\n<p><strong> <\/strong><\/p>\n","protected":false},"excerpt":{"rendered":"<p>R&#038;D est d&rsquo;avis que tous les membres du personnel de ce nouveau service devraient disposer du m\u00eame statut (permanent pour les fonctionnaires issus de la Commission ou du Conseil ou temporaire pour le personnel d\u00e9tach\u00e9 des administrations nationales) et avoir donc les m\u00eames droits et obligations quel que soit leur origine. Aucune diff\u00e9rence ne devrait \u00eatre faite entre fonctionnaires en ce qui concerne leur mission et leur position dans l&rsquo;organigramme.<\/p>\n","protected":false},"author":3,"featured_media":0,"comment_status":"closed","ping_status":"closed","sticky":false,"template":"","format":"standard","meta":{"footnotes":""},"categories":[40,47,49],"tags":[59],"_links":{"self":[{"href":"https:\/\/renouveau-democratie.eu\/fr\/wp-json\/wp\/v2\/posts\/2137"}],"collection":[{"href":"https:\/\/renouveau-democratie.eu\/fr\/wp-json\/wp\/v2\/posts"}],"about":[{"href":"https:\/\/renouveau-democratie.eu\/fr\/wp-json\/wp\/v2\/types\/post"}],"author":[{"embeddable":true,"href":"https:\/\/renouveau-democratie.eu\/fr\/wp-json\/wp\/v2\/users\/3"}],"replies":[{"embeddable":true,"href":"https:\/\/renouveau-democratie.eu\/fr\/wp-json\/wp\/v2\/comments?post=2137"}],"version-history":[{"count":0,"href":"https:\/\/renouveau-democratie.eu\/fr\/wp-json\/wp\/v2\/posts\/2137\/revisions"}],"wp:attachment":[{"href":"https:\/\/renouveau-democratie.eu\/fr\/wp-json\/wp\/v2\/media?parent=2137"}],"wp:term":[{"taxonomy":"category","embeddable":true,"href":"https:\/\/renouveau-democratie.eu\/fr\/wp-json\/wp\/v2\/categories?post=2137"},{"taxonomy":"post_tag","embeddable":true,"href":"https:\/\/renouveau-democratie.eu\/fr\/wp-json\/wp\/v2\/tags?post=2137"}],"curies":[{"name":"wp","href":"https:\/\/api.w.org\/{rel}","templated":true}]}}