{"id":19439,"date":"2020-04-21T14:45:00","date_gmt":"2020-04-21T12:45:00","guid":{"rendered":"\/?p=19439"},"modified":"2020-07-15T15:55:27","modified_gmt":"2020-07-15T13:55:27","slug":"coronavirus-rd-plaide-pour-que-commission-europeenne-soit-de-retour-en-tant-que","status":"publish","type":"post","link":"https:\/\/renouveau-democratie.eu\/fr\/2020\/04\/coronavirus-rd-plaide-pour-que-commission-europeenne-soit-de-retour-en-tant-que\/","title":{"rendered":"CORONAVIRUS: R&#038;D plaide pour que la Commission europ\u00e9enne soit de retour en tant que&#8230;"},"content":{"rendered":"\n<p><\/p>\n\n\n\n<p class=\"has-text-color has-text-align-center has-vivid-red-color\"><strong>PAND\u00c9MIE DE CORONAVIRUS<\/strong><\/p>\n\n\n\n<p class=\"has-text-color has-text-align-center has-vivid-red-color\"><strong>R&amp;D plaide pour que la Commission europ\u00e9enne soit de retour en tant que v\u00e9ritable moteur de l&rsquo;int\u00e9gration europ\u00e9enne et pour qu\u2019elle joue un r\u00f4le central dans cette crise.<\/strong><\/p>\n\n\n\n<p>Madame la Pr\u00e9sidente von der Leyen,<\/p>\n\n\n\n<p>Par notre communication pr\u00e9c\u00e9dente (lien), <strong>R&amp;D F\u00e9d\u00e9ral, le plus grand syndicat repr\u00e9sentant le personnel des institutions de l&rsquo;UE, des agences ex\u00e9cutives et d\u00e9centralis\u00e9es et d&rsquo;autres organes de l&rsquo;UE<\/strong>, vous a demand\u00e9, ainsi qu&rsquo;au coll\u00e8ge, de jouer un r\u00f4le central dans la lutte efficace contre la pand\u00e9mie de COVID-19 au niveau de l&rsquo;UE.<\/p>\n\n\n\n<p><strong>Nous tenons \u00e0 nouveau \u00e0 remercier sinc\u00e8rement les centaines de coll\u00e8gues qui nous ont t\u00e9moign\u00e9 leur soutien et nous ont encourag\u00e9s \u00e0 poursuivre nos efforts.<\/strong><\/p>\n\n\n\n<p>Le 10 avril 2020, l&rsquo;Eurogroupe a identifi\u00e9 en effet une strat\u00e9gie comportant\n19 mesures pour faire face \u00e0 la crise tant du point de vue \u00e9conomique que de la\nsant\u00e9 publique.<\/p>\n\n\n\n<p>Notre task-force d\u2019\u00e9conomistes au sein de R&amp;D estime que ces mesures vont dans la bonne direction. <\/p>\n\n\n\n<p><strong>Cependant, elles sont encore loin d&rsquo;\u00eatre suffisantes pour g\u00e9n\u00e9rer le choc n\u00e9cessaire pour aplatir la courbe de d\u00e9pression et permettre une reprise en U.<\/strong><\/p>\n\n\n\n<p>En effet, le fond SURE et le m\u00e9canisme de soutien en cas de crise\npand\u00e9mique au sein du M\u00e9canisme europ\u00e9en de Stabilit\u00e9 sont des outils certes utiles\net innovants mais ils ne sont rien de plus qu&rsquo;une goutte d\u2019eau dans l&rsquo;oc\u00e9an\ndans un contexte de crise macro\u00e9conomique sym\u00e9trique.<\/p>\n\n\n\n<p>Dans deux jours, le Conseil europ\u00e9en se r\u00e9unira pour prendre une\nd\u00e9cision finale sur les mesures propos\u00e9es que l&rsquo;Eurogroupe a adopt\u00e9es.<\/p>\n\n\n\n<p><strong>Tous les Europ\u00e9ens se tourneront alors vers Bruxelles pour s&rsquo;assurer que les milliers de morts qu\u2019a connus chaque pays ne soient pas un tribut vain.<\/strong><\/p>\n\n\n\n<p>Le 17 avril 2020, vous vous \u00eates adress\u00e9e au\nParlement europ\u00e9en.<\/p>\n\n\n\n<p>R&amp;D appr\u00e9cie que vous ayez d\u00e9cid\u00e9 de parler devant les\nrepr\u00e9sentants \u00e9lus des citoyens de l&rsquo;UE parce que nous croyons et avons\ntoujours soutenu que si TOUTES les parties impliqu\u00e9es travaillaient ensemble,\nelles trouveraient alors des solutions adapt\u00e9es \u00e0 des d\u00e9fis sans pr\u00e9c\u00e9dent.<\/p>\n\n\n\n<p>\u00c0 cette occasion, vous avez salu\u00e9, entre autres, l&rsquo;excellent travail\ndes m\u00e9decins, des infirmi\u00e8res et personnel soignant dans toute l&rsquo;Europe pour\nsauver des dizaines de milliers de vies. De plus, vous avez pr\u00e9sent\u00e9 des\nexcuses aupr\u00e8s des pays qui ont le plus souffert sans que la solidarit\u00e9 \u00e0\nl&rsquo;\u00e9chelle de l&rsquo;UE ne s\u2019exerce.<\/p>\n\n\n\n<p><strong>R&amp;D vous remercie chaleureusement pour vos d\u00e9clarations qui vont dans la bonne direction.<\/strong><\/p>\n\n\n\n<p>Nous ne devons pas oublier que le 9 mars 2020 \u2013 qui marque vos 100 premiers\njours \u00e0 la t\u00eate de la Commission europ\u00e9enne &#8211; des milliers de personnes avaient\nd\u00e9j\u00e0 perdu la vie \u00e0 cause de la pand\u00e9mie dans de nombreux \u00c9tats membres.<\/p>\n\n\n\n<p>Chaque \u00c9tat membre a d\u00e9velopp\u00e9 sa propre strat\u00e9gie, conseill\u00e9e par son\npropre comit\u00e9 scientifique, comme s&rsquo;il y avait 28 Covid-19 diff\u00e9rents: certains\nont opt\u00e9 pour un confinement imm\u00e9diat et strict, d&rsquo;autres ont eu du mal avant\nde s&rsquo;y soumettre; et d&rsquo;autres, jusqu&rsquo;\u00e0 r\u00e9cemment, n&rsquo;ont pris aucune mesure de\ngrande envergure, pariant sur la th\u00e9orie de \u00abl&rsquo;immunit\u00e9 collective\u00bb.<\/p>\n\n\n\n<p>De plus, au milieu de cette cacophonie, les institutions europ\u00e9ennes\nont \u00e9mis diverses recommandations sans la moindre approche europ\u00e9enne vraiment\ncommune.<\/p>\n\n\n\n<p>En m\u00eame temps, sur tout le continent, de nombreuses familles sont\ntouch\u00e9es par la dure r\u00e9alit\u00e9 de la crise, devant choisir entre nourrir leurs\nenfants ou payer leurs hypoth\u00e8ques.<\/p>\n\n\n\n<p><strong>Les citoyens de l&rsquo;UE, apr\u00e8s tout, demandent et m\u00e9ritent des r\u00e9ponses \u00e0 leurs probl\u00e8mes et ils ne peuvent pas se permettre d&rsquo;attendre plus longtemps: les r\u00e9ponses fournies aujourd&rsquo;hui fa\u00e7onneront l&rsquo;Europe de demain!<\/strong><\/p>\n\n\n\n<p><strong>\u00ab\u00a0L&rsquo;ancien monde est en train de mourir et le nouveau monde a du mal \u00e0 na\u00eetre: c&rsquo;est maintenant le temps des monstres\u00a0\u00bb.<\/strong><\/p>\n\n\n\n<p><strong>L&rsquo;Histoire dira si l&rsquo;Union europ\u00e9enne parviendra \u00e0 relever ce d\u00e9fi ou si elle aura tout simplement disparu par manque de courage politique et de solidarit\u00e9.<\/strong><\/p>\n\n\n\n<p>Le sentiment d&rsquo;abandon est d\u00e9j\u00e0 si fort dans\nde nombreux \u00c9tats membres et le d\u00e9senchantement europ\u00e9en grandit de fa\u00e7on\ninqui\u00e9tante.<\/p>\n\n\n\n<p>Serons-nous en mesure de montrer \u00e0 tous les citoyens europ\u00e9ens qu&rsquo;ils\npeuvent compter sur une Union europ\u00e9enne qui reste fid\u00e8le \u00e0 ses valeurs\nfondatrices, ou laisserons-nous le champ libre aux eurosceptiques?<\/p>\n\n\n\n<p>Si l&rsquo;UE dans son ensemble n&rsquo;est pas en mesure de fournir un soulagement\nimm\u00e9diat \u00e0 ceux qui souffrent, nous ne devons pas nous demander pourquoi la\nradicalisation et la rh\u00e9torique anti-UE progressent.<\/p>\n\n\n\n<p>Les ennemis du projet europ\u00e9en ont saut\u00e9 sur cette occasion inattendue pour\ncracher leur venin. Leur perfidie est sans limites car, si l&rsquo;Europe ne\nfonctionne pas bien, c&rsquo;est aussi parce qu&rsquo;ils refusent de concevoir qu&rsquo;elle\npourrait r\u00e9ellement mieux fonctionner.<\/p>\n\n\n\n<p><strong>Le personnel de l&rsquo;UE est plus que jamais d\u00e9termin\u00e9 \u00e0 \u0153uvrer pour une Europe qui fonctionne, une Union politique dot\u00e9e des outils et des moyens n\u00e9cessaires pour prot\u00e9ger les citoyens et l&rsquo;int\u00e9r\u00eat commun, quoi qu&rsquo;il en soit.<\/strong><\/p>\n\n\n\n<p><strong><em>Le temps presse. Les circonstances appellent \u00e0 la cr\u00e9ativit\u00e9. Les \u00e9v\u00e9nements actuels appellent une solidarit\u00e9 sans faille de l&rsquo;Europe.<\/em><\/strong><\/p>\n\n\n\n<p>Cette pand\u00e9mie aura d\u00e9truit nos \u00e9conomies autant qu&rsquo;une guerre. Le lancement\nd&rsquo;un nouveau Plan Marshall est donc urgent.<\/p>\n\n\n\n<p>Apr\u00e8s la R\u00e9solution COVID-19 approuv\u00e9e la semaine derni\u00e8re par le\nParlement europ\u00e9en \u00e0 une \u00e9crasante majorit\u00e9 de 395 d\u00e9put\u00e9s contre 171, la\nCommission europ\u00e9enne doit faire face \u00e0 ses t\u00e2ches et exercer son droit\nd&rsquo;initiative.<\/p>\n\n\n\n<p>R&amp;D pense que trois priorit\u00e9s doivent \u00eatre\nsoulign\u00e9es:<\/p>\n\n\n\n<p>1. Aucun pays ne doit \u00eatre laiss\u00e9 \u00e0 la tra\u00eene;<\/p>\n\n\n\n<p>2. Aucune \u00e9conomie ne devrait \u00eatre une victime\nisol\u00e9e de la pand\u00e9mie;<\/p>\n\n\n\n<p>3. Tous les pays de l&rsquo;UE doivent avoir un\nacc\u00e8s \u00e9quitable, dans des conditions comparables, au financement n\u00e9cessaire\npour financer leurs plans.<\/p>\n\n\n\n<p><strong>Nous soutenons pleinement l&rsquo;augmentation substantielle du budget de l&rsquo;UE que vous avez demand\u00e9e et nous sommes convaincus qu&rsquo;un quatri\u00e8me pilier sera n\u00e9cessaire et que cet appui suppl\u00e9mentaire ne peut provenir que d&rsquo;instruments non conventionnels.<\/strong><\/p>\n\n\n\n<p><strong>R&amp;D exhorte la Commission europ\u00e9enne, conjointement avec le Parlement europ\u00e9en, \u00e0 prendre imm\u00e9diatement la direction et \u00e0 jouer pleinement son r\u00f4le pour une vraie solidarit\u00e9 europ\u00e9enne, \u00e0 savoir:<\/strong><\/p>\n\n\n\n<p><strong>\u2022 en vous invitant, en tant que Pr\u00e9sidente de la Commission europ\u00e9enne et avec le Coll\u00e8ge, \u00e0 pr\u00e9senter une proposition ambitieuse et r\u00e9vis\u00e9e du cadre financier pluriannuel afin de &nbsp;relancer l&rsquo;\u00e9conomie et &nbsp;g\u00e9n\u00e9rer des retomb\u00e9es macro\u00e9conomiques positives;<\/strong><\/p>\n\n\n\n<p><strong>\u2022 en vous appelant, en tant que Pr\u00e9sidente de la Commission europ\u00e9enne et avec le Coll\u00e8ge, \u00e0 soutenir la r\u00e9solution COVID-19 du Parlement europ\u00e9en et \u00e0 pr\u00e9senter un plan de reconstruction sans pr\u00e9c\u00e9dent de mille milliards d&rsquo;euros bas\u00e9 sur des \u00ab&nbsp;obligations de relance&nbsp;\u00bb pour soutenir notre \u00e9conomie;<\/strong><\/p>\n\n\n\n<p><strong>\u2022 en vous invitant, en tant que Pr\u00e9sidente de la Commission europ\u00e9enne et avec le Coll\u00e8ge, \u00e0 continuer de coordonner toutes les actions dans le domaine de la sant\u00e9 comme cela a \u00e9t\u00e9 le cas ces deux derni\u00e8res semaines.<\/strong><\/p>\n\n\n\n<p class=\"has-text-align-center\">Pour R&amp;D F\u00e9d\u00e9ral,<\/p>\n\n\n\n<p class=\"has-text-align-center\">Cristiano Sebastiani, R&amp;D Commission,\nagences ex\u00e9cutives et d\u00e9centralis\u00e9es, autres organes de l&rsquo;UE<\/p>\n\n\n\n<p class=\"has-text-align-center\">Beatrice Postiglione, R&amp;D Conseil <\/p>\n\n\n\n<p class=\"has-text-align-center\">Pasquale Ciuffreda, R&amp;D Parlement europ\u00e9en<\/p>\n\n\n\n<p class=\"has-text-align-center\">Oren Wolff, R&amp;D EEAS<\/p>\n\n\n\n<p class=\"has-text-align-center\">Dimitrios Katsanidis, R&amp;D CdR et CESE <\/p>\n\n\n\n<p>Copie:<\/p>\n\n\n\n<p>D. Sassoli, Pr\u00e9sident du Parlement europ\u00e9en<\/p>\n\n\n\n<p>C. Michel, Pr\u00e9sident du Conseil europ\u00e9en<\/p>\n\n\n\n<p>Coll\u00e8ge des Commissaires<\/p>\n\n\n\n<p>Le Personnel des Institutions<\/p>\n","protected":false},"excerpt":{"rendered":"<p>PAND\u00c9MIE DE CORONAVIRUS R&amp;D plaide pour que la Commission europ\u00e9enne soit de retour en tant que v\u00e9ritable moteur de l&rsquo;int\u00e9gration europ\u00e9enne et pour qu\u2019elle joue un r\u00f4le central dans cette crise. Madame la Pr\u00e9sidente von der Leyen, Par notre communication pr\u00e9c\u00e9dente (lien), R&amp;D F\u00e9d\u00e9ral, le plus grand syndicat repr\u00e9sentant le personnel des institutions de l&rsquo;UE, [&hellip;]<\/p>\n","protected":false},"author":19,"featured_media":0,"comment_status":"closed","ping_status":"closed","sticky":false,"template":"","format":"standard","meta":{"footnotes":""},"categories":[150],"tags":[],"_links":{"self":[{"href":"https:\/\/renouveau-democratie.eu\/fr\/wp-json\/wp\/v2\/posts\/19439"}],"collection":[{"href":"https:\/\/renouveau-democratie.eu\/fr\/wp-json\/wp\/v2\/posts"}],"about":[{"href":"https:\/\/renouveau-democratie.eu\/fr\/wp-json\/wp\/v2\/types\/post"}],"author":[{"embeddable":true,"href":"https:\/\/renouveau-democratie.eu\/fr\/wp-json\/wp\/v2\/users\/19"}],"replies":[{"embeddable":true,"href":"https:\/\/renouveau-democratie.eu\/fr\/wp-json\/wp\/v2\/comments?post=19439"}],"version-history":[{"count":5,"href":"https:\/\/renouveau-democratie.eu\/fr\/wp-json\/wp\/v2\/posts\/19439\/revisions"}],"predecessor-version":[{"id":19445,"href":"https:\/\/renouveau-democratie.eu\/fr\/wp-json\/wp\/v2\/posts\/19439\/revisions\/19445"}],"wp:attachment":[{"href":"https:\/\/renouveau-democratie.eu\/fr\/wp-json\/wp\/v2\/media?parent=19439"}],"wp:term":[{"taxonomy":"category","embeddable":true,"href":"https:\/\/renouveau-democratie.eu\/fr\/wp-json\/wp\/v2\/categories?post=19439"},{"taxonomy":"post_tag","embeddable":true,"href":"https:\/\/renouveau-democratie.eu\/fr\/wp-json\/wp\/v2\/tags?post=19439"}],"curies":[{"name":"wp","href":"https:\/\/api.w.org\/{rel}","templated":true}]}}