{"id":19322,"date":"2020-04-20T10:33:32","date_gmt":"2020-04-20T08:33:32","guid":{"rendered":"\/?p=19322"},"modified":"2020-07-15T15:57:02","modified_gmt":"2020-07-15T13:57:02","slug":"agences-executives","status":"publish","type":"post","link":"https:\/\/renouveau-democratie.eu\/fr\/2020\/04\/agences-executives\/","title":{"rendered":"Agences ex\u00e9cutives"},"content":{"rendered":"\n<p class=\"has-text-align-right\">Bruxelles, le 20 avril 2020<\/p>\n\n\n\n<div class=\"wp-block-group\"><div class=\"wp-block-group__inner-container is-layout-flow wp-block-group-is-layout-flow\">\n<p class=\"has-text-color has-text-align-center has-vivid-red-color\"><strong><em>R<\/em><\/strong><strong><em>&amp;<\/em><\/strong><strong><em>D<\/em><\/strong><strong><em> demande un v\u00e9ritable dialogue social <\/em><\/strong><\/p>\n\n\n\n<p class=\"has-text-color has-text-align-center has-vivid-red-color\"><strong><em>pour la mise en \u0153uvre de la d\u00e9l\u00e9gation&nbsp; <\/em><\/strong><\/p>\n\n\n\n<p class=\"has-text-color has-text-align-center has-vivid-red-color\"><strong><em>de nouvelles missions aux agences ex\u00e9cutives&nbsp;!<\/em><\/strong><strong><em><\/em><\/strong><\/p>\n<\/div><\/div>\n\n\n\n<p><\/p>\n\n\n\n<p><strong><em>Concernant la d\u00e9l\u00e9gation de nouvelles missions aux Agences ex\u00e9cutives, les orientations concernant la fermeture de l\u2019une d\u2019entre elles, la cr\u00e9ation d\u2019une nouvelle agence ainsi que les changements tr\u00e8s profonds au niveau des comp\u00e9\u00adtences des autres, deux seules agences ex\u00e9cutives ne voyant pas leurs comp\u00e9tences chang\u00e9es, autant de changements d\u2019une telle ampleur ne peuvent pas \u00eatre d\u00e9cid\u00e9s en l\u2019absence de tout dialogue social. <\/em><\/strong><\/p>\n\n\n\n<p><strong><em>Ceci alors que ces mesures concernent des centaines de coll\u00e8gues des Agences et des Directions g\u00e9n\u00e9rales concern\u00e9es. <\/em><\/strong><\/p>\n\n\n\n<p><strong><em>Le v\u00e9ritable dialogue social demand\u00e9 par <\/em><\/strong><strong><em>R<\/em><\/strong><strong><em>&amp;<\/em><\/strong><strong><em>D <\/em><\/strong><strong><em>et qui est m\u00e9rit\u00e9 par le personnel, n\u2019est pas \u00e0 con\u00adfondre avec une annonce faite aux repr\u00e9sentants des Comit\u00e9s du personnel des Agences effectu\u00e9e le m\u00eame jour que la communication officielle de la d\u00e9cision ni, par la suite, avec une simple infor\u00admation portant uniquement sur les grandes lignes.<\/em><\/strong><\/p>\n\n\n\n<p><strong><em>R<\/em><\/strong><strong><em>&amp;<\/em><\/strong><strong><em>D <\/em><\/strong><strong><em>demande d\u2019organiser sans d\u00e9lai une n\u00e9gociation appro\u00adfondie avec la repr\u00e9sentation du personnel sur tous les d\u00e9tails de ce dossier. <\/em><\/strong><\/p>\n\n\n\n<p><strong><em>Depuis toujours <\/em><\/strong><strong><em>R<\/em><\/strong><strong><em>&amp;<\/em><\/strong><strong><em>D <\/em><\/strong><strong><em>demande la mise en place d\u2019un v\u00e9ritable dialogue social concernant les Agences ex\u00e9cutives\u2026 <\/em><\/strong><\/p>\n\n\n\n<p><strong>R<\/strong><strong>&amp;<\/strong><strong>D<\/strong><strong><em> <\/em><\/strong>n\u2019a jamais m\u00e9nag\u00e9 ses efforts pour la mise en place d\u2019un v\u00e9ritable dialogue social concernant les agences ex\u00e9cutives en soulignant que ceci \u00e9tait d\u2019autant plus n\u00e9cessaire compte tenu du statut pr\u00e9caire de nos coll\u00e8gues, des limites impos\u00e9es \u00e0 leur mobilit\u00e9, des pratiques d\u00e9testables de certains m\u00e9nagers atteints par de v\u00e9ritables d\u00e9lires d\u2019omnipuissance que les Directeurs des agences semblaient cautionner ou pour le moins \u00eatre incapables d\u2019arr\u00eater. <\/p>\n\n\n\n<p>Aussi, avons-nous soulign\u00e9 que notre demande visant \u00e0 garantir une application sans faille de notre statut et des proc\u00e9dures de mise en \u0153uvre, \u00e9tait d\u2019autant plus justifi\u00e9e \u00e9tant donn\u00e9 que les agences ex\u00e9cutives d\u00e9pendent directement de la Commission, les membres de leur encadrement \u00e9tant tout d\u2019abord nomm\u00e9s sur des postes aupr\u00e8s des Direc\u00adtions g\u00e9n\u00e9rales de tutelle et nombre d\u2019autres coll\u00e8gues de la Commission y sont tout aussi d\u00e9tach\u00e9s.<\/p>\n\n\n\n<p><strong><em>\u2026un premier pas dans la bonne direction&nbsp;: la signature du MoU entre les Directeurs des agences et les OSP\u2026<\/em><\/strong><\/p>\n\n\n\n<p>C\u2019est uniquement apr\u00e8s avoir d\u00e9nonc\u00e9 sans cesse le caract\u00e8re intenable de cette situation, qu\u2019il&nbsp; a \u00e9t\u00e9 enfin possible de commencer \u00e0 surmonter les r\u00e9sistances de tr\u00e8s nombreux parti\u00adsans du \u00ab&nbsp;non dialogue social&nbsp;\u00bb, tr\u00e8s actifs au sein des agences, et franchir en janvier dernier une premi\u00e8re \u00e9tape avec la signa\u00adture d\u2019un MoU entre les Directeurs des Agences ex\u00e9cutives et les OSP. <\/p>\n\n\n\n<p><strong><em>\u2026et voil\u00e0 qu\u2019\u00e0 pr\u00e9sent des changements d\u2019une telle ampleur, la mobilit\u00e9 forc\u00e9e, les proc\u00e9dures de recrutement de centaines de coll\u00e8gues\u2026sont d\u00e9cid\u00e9s et annonc\u00e9s en l\u2019absence de tout dialogue social &nbsp;!&nbsp;&nbsp; <\/em><\/strong><\/p>\n\n\n\n<p>Alors que, <strong>pour la r\u00e9organisation d\u2019une Direction g\u00e9n\u00e9rale<\/strong> de notre institution, <strong>un dialogue pr\u00e9alable<\/strong> s\u2019ouvre avec le person\u00adnel et ses repr\u00e9sentants pour annoncer les finalit\u00e9s, illustrer les changements envisag\u00e9s et indiquer le planning de mise en \u0153uvre, <strong>il en serait tout autre<\/strong> lorsqu\u2019il s\u2019agit d\u2019un v\u00e9ritable bouleversement des comp\u00e9tences des Agences ex\u00e9cutives affectant des centaines de coll\u00e8gues ! <\/p>\n\n\n\n<p><strong><em>Le dialogue social ne peut pas \u00eatre confondu avec une simple information ex post&nbsp;! <\/em><\/strong><\/p>\n\n\n\n<p>En effet, il serait envisag\u00e9 que ces changements majeurs seraient simplement communiqu\u00e9s aux repr\u00e9sentants des Comit\u00e9s du personnel des agences \u2026convi\u00e9s \u00e0 la rencontre sans la moindre information pr\u00e9alable\u2026 ceci le m\u00eame jour de l\u2019annonce de la d\u00e9cision finale au personnel ! <\/p>\n\n\n\n<p>Pire encore, par la suite, aucune v\u00e9ritable n\u00e9gociation ne serait envisag\u00e9e et il serait question d\u2019assurer une simple information mi\u00adnimale des Comit\u00e9s du personnel et uniquement sur les grandes lignes. <\/p>\n\n\n\n<p>Et dans ces conditions, on oserait m\u00eame continuer \u00e0 se vanter de tenir au dialogue social et \u00e0 pr\u00e9tendre que le personnel des agences ne serait pas en droit de d\u00e9noncer qu\u2019il est trait\u00e9 comme une main d\u2019\u0153uvre corv\u00e9able \u00e0 merci&nbsp;!&nbsp;&nbsp;&nbsp;&nbsp; <\/p>\n\n\n\n<p><strong><em>R<\/em><\/strong><strong><em>&amp;<\/em><\/strong><strong><em>D <\/em><\/strong><strong><em>aux c\u00f4t\u00e9s des coll\u00e8gues des Agences ex\u00e9cutives et des Directions g\u00e9n\u00e9rales concern\u00e9es par cette d\u00e9l\u00e9ga\u00adtion pour pr\u00e9tendre que cet exercice soit g\u00e9r\u00e9 dans la plus grande transparence et reconduit dans le cadre d\u2019un v\u00e9ritable dialogue social&nbsp;! <\/em><\/strong><\/p>\n\n\n\n<p>Nous remercions <strong>la multitude de coll\u00e8gues<\/strong> des Agences et des Directions g\u00e9n\u00e9rales concern\u00e9es qui \u00e0 tous les niveaux ont fait appel \u00e0 nous en d\u00e9non\u00e7ant le manque de clart\u00e9 du processus d\u00e9cisionnel avec des bruits de couloirs qui vont dans tous les sens et changent sans cesse au sujet des d\u00e9cisions envisag\u00e9es, alors qu\u2019il est question de d\u00e9cider de l\u2019avenir professionnel de centaines de coll\u00e8gues. <\/p>\n\n\n\n<p>Vous avez soulign\u00e9 que vous \u00eates conscients qu\u2019il n\u2019est pas possible de pr\u00e9tendre que des d\u00e9cisions finales soient annonc\u00e9es alors qu\u2019elles n\u2019ont pas encore \u00e9t\u00e9 adopt\u00e9es par la Commission. Vous demandez simplement de garantir la transparence du processus d\u00e9cisionnel et la lisibilit\u00e9 des options envisag\u00e9es en \u00e9vitant de se limiter \u00e0 annoncer uniquement les d\u00e9cisions adopt\u00e9es <em>in fine, <\/em>comme s\u2019il s\u2019agissait de garder le suspense concernant l\u2019annonce du gagnant d\u2019un concours de beaut\u00e9. <\/p>\n\n\n\n<p><strong>Encore et toujours, merci pour votre confiance&nbsp;!<\/strong><\/p>\n\n\n\n<p>Ainsi, nous partageons en tout point votre demande visant \u00e0 pr\u00e9tendre&nbsp; la mise en place sans d\u00e9lai <strong>d\u2019un v\u00e9ritable dialogue social <\/strong>dans la mise en \u0153uvre de la d\u00e9l\u00e9gation de nou\u00advelles missions aux Agences ex\u00e9cutives. <\/p>\n\n\n\n<p>Ceci afin d\u2019assurer <strong>la transparence<\/strong> de l\u2019exercice notamment en ce qui concerne <strong>le choix<\/strong> des coll\u00e8gues concern\u00e9s, les proc\u00e9dures mises en place devant, dans tous les cas, assurer le respect <strong>des droits des coll\u00e8gues<\/strong> <strong>et la prise en compte des principes de base de notre fonction publique europ\u00e9enne.&nbsp; <\/strong><\/p>\n\n\n\n<p><strong><em>Pour <\/em><\/strong><strong><em>R<\/em><\/strong><strong><em>&amp;<\/em><\/strong><strong><em>D<\/em><\/strong><strong><em> trois&nbsp; pr\u00e9alables s\u2019imposent&nbsp;! <\/em><\/strong><\/p>\n\n\n\n<p>Tout d\u2019abord, <strong>personne ne doit \u00eatre laiss\u00e9 pour compte et aucun coll\u00e8gue ne doit voir son emploi&nbsp;mis en danger <\/strong>; <\/p>\n\n\n\n<p>Puis, il <strong>faut garantir la continuit\u00e9 des contrats et le respect des droits acquis<\/strong> notamment concernant les droits \u00e0 pension pour tous les coll\u00e8gues AC et AT des agences \u00e0 qui une mobilit\u00e9 serait impos\u00e9e dans le cadre de cet exercice.<\/p>\n\n\n\n<p>Enfin, il faut arr\u00eater les fuites en avant de certains et <strong>confirmer dans tous les cas le caract\u00e8re volontaire du d\u00e9tache\u00adment<\/strong> aupr\u00e8s d\u2019une Agence ex\u00e9cutive de tout coll\u00e8gue travaillant aupr\u00e8s d\u2019une Direction g\u00e9n\u00e9rale, quel que soit son statut. <\/p>\n\n\n\n<p><strong><em>R<\/em><\/strong><strong><em>&amp;<\/em><\/strong><strong><em>D<\/em><\/strong><strong><em> demande d\u2019organiser sans d\u00e9lai une n\u00e9gociation approfondie avec la repr\u00e9sentation du personnel sur tous les d\u00e9tails de ce dossier. <\/em><\/strong><\/p>\n\n\n\n<p><strong><em>R<\/em><\/strong><strong><em>&amp;<\/em><\/strong><strong><em>D<\/em><\/strong><strong><em> encore et toujours \u00e0 votre \u00e9coute et \u00e0 votre service<\/em><\/strong><\/p>\n\n\n\n<p>Nous sommes de tout c\u0153ur avec vous en cette p\u00e9riode de crise sanitaire et tenons \u00e0 vous exprimer toute notre solidarit\u00e9 ainsi qu\u2019\u00e0 vos proches.<\/p>\n\n\n\n<p>Vous avez d\u00e9j\u00e0 \u00e9t\u00e9 nombreuses et nombreux \u00e0 faire appel \u00e0 nous et nous vous remercions pour votre confiance.<\/p>\n\n\n\n<p><strong>R<\/strong><strong>&amp;<\/strong><strong>D <\/strong><strong>est disponible 7j\/7 pour r\u00e9pondre \u00e0 toutes vos questions et vous apporter dans les plus brefs d\u00e9lais les solutions ad\u00e9quates.<\/strong><\/p>\n\n\n\n<p><strong>N\u2019h\u00e9sitez pas \u00e0 faire appel \u00e0 notre aide par e-mail (OSP-RD@ec.europa.eu) ou par t\u00e9l\u00e9phone 02 29 65797 (+weekend), <\/strong><strong>022977742, 022994728, 022988120, 022990607.<\/strong><\/p>\n\n\n\n<p><strong><em>N\u2019h\u00e9sitez pas \u00e0 continuer \u00e0 nous saisir pour toute demande d\u2019assistance&nbsp;! <\/em><\/strong>&nbsp;<\/p>\n\n\n\n<p class=\"has-text-align-center\">Cristiano Sebastiani,<\/p>\n\n\n\n<p class=\"has-text-align-center\">Pr\u00e9sident<\/p>\n","protected":false},"excerpt":{"rendered":"<p>Bruxelles, le 20 avril 2020 R&amp;D demande un v\u00e9ritable dialogue social pour la mise en \u0153uvre de la d\u00e9l\u00e9gation&nbsp; de nouvelles missions aux agences ex\u00e9cutives&nbsp;! Concernant la d\u00e9l\u00e9gation de nouvelles missions aux Agences ex\u00e9cutives, les orientations concernant la fermeture de l\u2019une d\u2019entre elles, la cr\u00e9ation d\u2019une nouvelle agence ainsi que les changements tr\u00e8s profonds au [&hellip;]<\/p>\n","protected":false},"author":19,"featured_media":0,"comment_status":"closed","ping_status":"closed","sticky":false,"template":"","format":"standard","meta":{"footnotes":""},"categories":[132],"tags":[],"_links":{"self":[{"href":"https:\/\/renouveau-democratie.eu\/fr\/wp-json\/wp\/v2\/posts\/19322"}],"collection":[{"href":"https:\/\/renouveau-democratie.eu\/fr\/wp-json\/wp\/v2\/posts"}],"about":[{"href":"https:\/\/renouveau-democratie.eu\/fr\/wp-json\/wp\/v2\/types\/post"}],"author":[{"embeddable":true,"href":"https:\/\/renouveau-democratie.eu\/fr\/wp-json\/wp\/v2\/users\/19"}],"replies":[{"embeddable":true,"href":"https:\/\/renouveau-democratie.eu\/fr\/wp-json\/wp\/v2\/comments?post=19322"}],"version-history":[{"count":1,"href":"https:\/\/renouveau-democratie.eu\/fr\/wp-json\/wp\/v2\/posts\/19322\/revisions"}],"predecessor-version":[{"id":19323,"href":"https:\/\/renouveau-democratie.eu\/fr\/wp-json\/wp\/v2\/posts\/19322\/revisions\/19323"}],"wp:attachment":[{"href":"https:\/\/renouveau-democratie.eu\/fr\/wp-json\/wp\/v2\/media?parent=19322"}],"wp:term":[{"taxonomy":"category","embeddable":true,"href":"https:\/\/renouveau-democratie.eu\/fr\/wp-json\/wp\/v2\/categories?post=19322"},{"taxonomy":"post_tag","embeddable":true,"href":"https:\/\/renouveau-democratie.eu\/fr\/wp-json\/wp\/v2\/tags?post=19322"}],"curies":[{"name":"wp","href":"https:\/\/api.w.org\/{rel}","templated":true}]}}