{"id":17112,"date":"2019-01-09T19:03:55","date_gmt":"2019-01-09T17:03:55","guid":{"rendered":"\/?p=17112"},"modified":"2020-09-01T14:03:09","modified_gmt":"2020-09-01T12:03:09","slug":"note-a-lattention-de-m-gunther-oettinger-commissaire-en-charge-du-budget-et-des-ressources-humaines-et-de-m-tibor-navracsics-commissaire-en-charge-de-leducation-de-la-cultur-2","status":"publish","type":"post","link":"https:\/\/renouveau-democratie.eu\/fr\/2019\/01\/note-a-lattention-de-m-gunther-oettinger-commissaire-en-charge-du-budget-et-des-ressources-humaines-et-de-m-tibor-navracsics-commissaire-en-charge-de-leducation-de-la-cultur-2\/","title":{"rendered":"Note \u00e0 l\u2019attention de M. G\u00fcnther  OETTINGER,  Commissaire en charge du Budget et des Ressources humaines  et de M. Tibor NAVRACSICS,  Commissaire en charge de l\u2019\u00e9ducation, de la culture, de la jeunesse et du sport"},"content":{"rendered":"<p align=\"right\"><span style=\"color: #000000;\">&nbsp;<\/span><\/p>\n<p align=\"right\"><span style=\"color: #000000;\">Brussels, le 9 janvier 2019<\/span><\/p>\n<p><strong><span style=\"color: #000000;\">&nbsp;<\/span><\/strong><\/p>\n<p><strong><span style=\"color: #000000;\">&nbsp;<\/span><\/strong><strong><span style=\"color: #000000;\">&nbsp;<\/span><\/strong><\/p>\n<p align=\"center\"><strong><span style=\"color: #000000; font-size: medium;\">Note \u00e0 l\u2019attention de M. G\u00fcnther&nbsp; OETTINGER, <\/span><\/strong><\/p>\n<p align=\"center\"><strong><span style=\"color: #000000; font-size: medium;\">Commissaire en charge du Budget et des Ressources humaines <\/span><\/strong><\/p>\n<p align=\"center\"><strong><span style=\"color: #000000; font-size: medium;\">et de M. Tibor NAVRACSICS, <\/span><\/strong><\/p>\n<p align=\"center\"><strong><span style=\"color: #000000; font-size: medium;\">Commissaire en charge de l\u2019\u00e9ducation, de la culture, de la jeunesse et du sport<\/span><\/strong><\/p>\n<p align=\"center\">\n<p><strong><span style=\"color: #000000; font-size: medium;\">Objet:&nbsp; Rapport \u00ab&nbsp;<em>Marche ou cr\u00e8ve&nbsp;<\/em>\u00bb les obstacles rencontr\u00e9s par les enfants handicap\u00e9s dans le syst\u00e8me des&nbsp; Ecoles europ\u00e9ennes, publi\u00e9 par Human Right Watch et le Forum europ\u00e9en des personnes handicap\u00e9es<\/span><\/strong><\/p>\n<p align=\"center\"><span style=\"color: #000000;\">&nbsp;<\/span><\/p>\n<p><span style=\"color: #000000;\">Human Right Watch&nbsp;(<\/span><a href=\"https:\/\/www.hrw.org\/fr\/report\/2018\/12\/04\/marche-ou-creve\/les-obstacles-rencontres-par-les-enfants-handicapes-dans-le\"><em><span style=\"color: #0000ff;\">lien<\/span><\/em><\/a><span style=\"color: #000000;\">) et le Forum europ\u00e9en des personnes handicap\u00e9es, ONG ind\u00e9pendante qui d\u00e9fend les droits de 80 millions d\u2019Eu\u00adrop\u00e9ens handicap\u00e9s \u00e9tant compos\u00e9e par les repr\u00e9sentants des organisations des personnes handicap\u00e9es au sein des Etats Membres (<\/span><a href=\"http:\/\/www.edf-feph.org\/\"><em><span style=\"color: #0000ff;\">lien<\/span><\/em><\/a><span style=\"color: #000000;\">), viennent de publier un rapport accablant (<\/span><a href=\"https:\/\/www.hrw.org\/sites\/default\/files\/report_pdf\/eu1218fr_web.pdf\"><em><span style=\"color: #0000ff;\">lien<\/span><\/em><\/a><span style=\"color: #000000;\">), relay\u00e9 par la presse, concernant les conditions dans lesquelles sont accueillis les enfants han\u00addicap\u00e9s dans les \u00e9coles europ\u00e9ennes <\/span><\/p>\n<p><span style=\"color: #000000;\">De septembre \u00e0 novembre 2018, 27 personnes ont \u00e9t\u00e9 interview\u00e9es \u00e0 propos des cas de 12 enfants et d\u2019un jeune adulte handicap\u00e9s qui se sont d\u00e9roul\u00e9s dans <strong>5 Ecoles europ\u00e9ennes <\/strong>\u00e0 Bruxelles et Luxembourg.<\/span><\/p>\n<p><strong><span style=\"color: #000000;\">Ce rapport met en \u00e9vidence 5 constats totalement \u00e0 l\u2019encontre des valeurs europ\u00e9ennes que nous souhaitons inculquer \u00e0 tous les jeunes europ\u00e9ens :<\/span><\/strong><\/p>\n<p><span style=\"color: #000000;\">1.<span style=\"font-family: Calibri; font-size: medium;\">&nbsp;<\/span>Exclusion et pression pour quitter l\u2019\u00e9cole<\/span><\/p>\n<p><span style=\"color: #000000;\">2.<span style=\"font-family: Calibri; font-size: medium;\">&nbsp;<\/span>Attitude n\u00e9gative et harc\u00e8lement<\/span><\/p>\n<p><span style=\"color: #000000;\">3.<span style=\"font-family: Calibri; font-size: medium;\">&nbsp;<\/span>Manque de souplesse de curriculum<\/span><\/p>\n<p><span style=\"color: #000000;\">4.<span style=\"font-family: Calibri; font-size: medium;\">&nbsp;<\/span>Manque de sensibilisation et formation<\/span><\/p>\n<p><span style=\"color: #000000;\">5.<span style=\"font-family: Calibri; font-size: medium;\">&nbsp;<\/span>P\u00e9nurie d\u2019alternative, frais de scolarit\u00e9 des \u00e9coles priv\u00e9es<\/span><\/p>\n<p><span style=\"color: #000000;\">D\u2019apr\u00e8s ce rapport, en d\u00e9pit des engagements officiels, les Ecoles europ\u00e9ennes pratiquent une politique d\u2019exclusion des enfants handicap\u00e9s au sein de leur syst\u00e8me \u00e9ducatif. Il est fait \u00e9tat que certains enfants se voient parfois faire l\u2019objet de proc\u00e9dures disciplinaires en raison de leurs comportements alors que ceux-ci rel\u00e8ve du handicap.<\/span><\/p>\n<p><span style=\"color: #000000;\">En voici quelques exemples (<\/span><a href=\"https:\/\/www.hrw.org\/sites\/default\/files\/report_pdf\/eu1218fr_web.pdf\"><em><span style=\"color: #0000ff;\">lire le rapport complet<\/span><\/em><\/a><span style=\"color: #000000;\">) :<\/span><\/p>\n<ul>\n<li><span style=\"color: #000000;\">La maman d\u2019un jeune gar\u00e7on avec un trouble d\u00e9ficitaire de l\u2019attention avec hyperactivit\u00e9 (TDAH) explique \u00ab&nbsp;<strong><em>il y a deux situations: soit les enfants sont jet\u00e9s dehors, souvent parce qu\u2019ils sont en \u00e9chec scolaire. Soit ils sont isol\u00e9s, pas soutenus, jusqu\u2019\u00e0 ce qu\u2019ils d\u00e9cident de sortir d\u2019eux-m\u00eames. C\u2019est \u2018marche ou cr\u00e8ve\u2019&nbsp;<\/em><\/strong>\u00bb. Cette coll\u00e8gue a fini par retirer son fils de l\u2019Ecole euro\u00adp\u00e9enne\u2026<\/span><\/li>\n<li><span style=\"color: #000000;\">Une jeune fille de 15 ans, dyslexique, a \u00e9galement \u00e9t\u00e9 contrainte de quitter l\u2019Ecole europ\u00e9enne apr\u00e8s s\u2019\u00eatre battue pendant des an\u00adn\u00e9es pour obtenir des am\u00e9nagements de base pour ses difficult\u00e9s d\u2019apprentissage, tels que le droit d\u2019utiliser&nbsp; un appareil pour pren\u00addre des photos du tableau\u2026<\/span><\/li>\n<\/ul>\n<p><span style=\"color: #000000;\">Il est important de souligner que ces d\u00e9faillances rel\u00e8vent avant tout des limites du mod\u00e8le \u00e9ducatif et <strong>du manque de moyens<\/strong> destin\u00e9s \u00e0 assu\u00adrer une gestion efficace de ces difficult\u00e9s. <\/span><\/p>\n<p><strong><span style=\"color: #000000;\">En effet, la plupart des parents interrog\u00e9s ont reconnu que les enseignants et assistants faisaient tr\u00e8s souvent de leur mieux pour aider les enfants et que les attitudes \u00e9voluaient de fa\u00e7on positive.<\/span><\/strong><\/p>\n<p><span style=\"color: #000000;\">Le rapport fait \u00e9tat aussi d\u2019exemples tr\u00e8s louables comme le cas d\u2019un jeune gar\u00e7on handicap\u00e9 qui, gr\u00e2ce aux efforts plus que remarquables d\u00e9ploy\u00e9s par un nouveau directeur, s\u2019est retrouv\u00e9 dans un environnement plus inclusif lui permettant de suivre les cours dans la plus grande dignit\u00e9. Nous croyons savoir que cet exemple louable concerne l\u2019Ecole de Laken.<\/span><\/p>\n<p><span style=\"color: #000000;\">Nous tenons \u00e0 vous informer qu\u2019apr\u00e8s la prise de connaissance de ce rapport, nombre de coll\u00e8gues nous ont fait part du fait qu\u2019ils parta\u00adgeaient pleinement tant les constats que les conclusions.&nbsp;&nbsp;&nbsp; <\/span><\/p>\n<p><span style=\"color: #000000;\">Ils nous ont notamment fait \u00e9tat que&nbsp; les am\u00e9nagements quand ils ont lieu, varient d\u2019une \u00e9cole \u00e0 l\u2019autre ainsi que d\u2019une section linguistique \u00e0 l\u2019autre et <strong>d\u00e9pendent m\u00eame du bon vouloir des professeurs <\/strong>bien qu\u2019il n\u2019existe qu\u2019une seule politique de soutien commune \u00e0 toutes les \u00e9coles europ\u00e9ennes. <\/span><\/p>\n<p><span style=\"color: #000000;\">Certains ont rapport\u00e9 le fait que la mise en place d\u2019am\u00e9nagements pour les \u00e9l\u00e8ves en difficult\u00e9 (tels que pr\u00e9vus dans la politique commune de soutien des \u00e9coles europ\u00e9ennes) leur aurait \u00e9t\u00e9 refus\u00e9e au motif que cela aurait \u00e9t\u00e9 discriminatoire vis-\u00e0-vis des&nbsp; autres \u00e9l\u00e8ves de la classe qui eux n\u2019ont pas de difficult\u00e9s. <\/span><\/p>\n<p><strong><span style=\"color: #000000;\">Or, lorsque les am\u00e9nagements appropri\u00e9s sont correctement mis en place, ils donnent de tr\u00e8s bons r\u00e9sultats.<\/span><\/strong><\/p>\n<p><span style=\"color: #000000;\">En effet, au lieu d\u2019adopter une \u00ab&nbsp;\u00e9ducation inclusive&nbsp;\u00bb permettant :<\/span><\/p>\n<ul>\n<li><span style=\"color: #000000;\">dans un premier temps, de garantir le respect de l\u2019\u00e9galit\u00e9 des chances \u00e0 ces enfants et jeunes adultes avec des besoins particuliers et ainsi leur permettre de s\u2019ins\u00e9rer dans la vie scolaire et plus tard dans la vie active et,<\/span><\/li>\n<li><span style=\"color: #000000;\">dans un second temps, de promouvoir les valeurs communes europ\u00e9ennes aux autres \u00e9l\u00e8ves, comme l\u2019a d\u00e9clar\u00e9 le Commissaire Tibor Navracsics \u00e0 la veille de sommet sur l\u2019\u00e9ducation \u00ab<em>L&rsquo;\u00e9ducation doit doter nos concitoyens, jeunes et moins jeunes, des comp\u00e9\u00adtences qui leur permettent de mener une vie \u00e9panouissante et de b\u00e2tir des communaut\u00e9s\u2026 Nous devons utiliser pleinement le po\u00adtentiel de l&rsquo;\u00e9ducation pour <strong>construire des soci\u00e9t\u00e9s r\u00e9silientes, cr\u00e9er un sentiment d&rsquo;appartenance et permettre aux citoyens de faire l&rsquo;exp\u00e9rience de l&rsquo;identit\u00e9 europ\u00e9enne dans toute sa diversit\u00e9.<\/strong>.. Voil\u00e0 ce que repr\u00e9sente un v\u00e9ritable espace europ\u00e9en de l&rsquo;\u00e9ducation, et le sommet de demain constitue une mesure concr\u00e8te en vue de sa r\u00e9alisation.<\/em>\u00bb <\/span><\/li>\n<\/ul>\n<p><strong><span style=\"color: #000000;\">le syst\u00e8me des Ecoles europ\u00e9ennes a sembl\u00e9 avoir renonc\u00e9 \u00e0 se doter des moyens n\u00e9cessaires avec comme cons\u00e9quence le d\u00e9pla\u00adcement de ce \u00ab&nbsp;probl\u00e8me&nbsp;\u00bb en dehors de ses murs et donc son transfert vers des \u00e9coles priv\u00e9es.<\/span><\/strong><\/p>\n<h3><strong><em>1.5 millions d\u2019euros de frais d\u2019inscription en \u00e9coles priv\u00e9es pour 70 enfants&#8230;<\/em><\/strong><\/h3>\n<p><span style=\"color: #000000;\">Toujours selon ce m\u00eame rapport, la cons\u00e9quence financi\u00e8re qui d\u00e9coule de ce manquement a \u00e9t\u00e9 l\u2019allocation d\u2019un budget cons\u00e9quent qui s\u2019\u00e9l\u00e8verait \u00e0 1,5 millions d\u2019euros pour 70 enfants pour couvrir les frais d\u2019inscription dans les \u00e9coles priv\u00e9es. En effet, les frais de scolarit\u00e9 en \u00e9cole priv\u00e9e peuvent atteindre jusqu\u2019\u00e0 50.000\u20ac l\u2019ann\u00e9e et ne sont rembours\u00e9s que partiellement, entre 40 et 80%, selon les revenus des pa\u00adrents.<\/span><\/p>\n<p><span style=\"color: #000000;\">Nul ne peut douter qu\u2019afin d\u2019\u00e9viter d\u2019obliger les parents \u00e0 sortir leurs enfants du syst\u00e8me \u00e9ducatif des EE, il convient de doter les EE de moyens suffisants pour assurer les am\u00e9nagements n\u00e9cessaires ainsi que la formation sp\u00e9cialis\u00e9e des enseignants et \u00e9ducateurs. Ceci tout en respectant naturellement la libert\u00e9 de choix des parents qui d\u00e9cideraient de garder leurs enfants aupr\u00e8s des \u00e9coles priv\u00e9es. <\/span><\/p>\n<p><strong><em>Le rapport confirme en tout point la position de <\/em><\/strong><strong><em>R<\/em><\/strong><strong><em>&amp;<\/em><\/strong><strong><em>D <\/em><\/strong><strong><em>et les exp\u00e9riences des parents<\/em><\/strong><\/p>\n<p><span style=\"color: #000000;\">En novembre 2017, <\/span><strong>R&amp;D <\/strong><span style=\"color: #000000;\">a organis\u00e9 une exposition photos \u00ab&nbsp;Seul avec les Autres&nbsp;\u00bb sous le patronage de Madame la Commissaire Ma\u00adrianne Thyssen (<\/span><a href=\"\/wp-content\/uploads\/2017\/11\/Brochure-autisme.pdf\"><em><span style=\"color: #0000ff;\">lien<\/span><\/em><\/a><span style=\"color: #000000;\">) afin de sensibiliser la Commission sur :<\/span><\/p>\n<ul>\n<li><span style=\"color: #000000;\">la n\u00e9cessit\u00e9 des Ecoles europ\u00e9ennes de redoubler d\u2019efforts pour r\u00e9pondre encore mieux aux besoins des \u00e9l\u00e8ves handicap\u00e9s<\/span><\/li>\n<li><span style=\"color: #000000;\">le d\u00e9veloppement d\u2019un enfant handicap\u00e9 qui exige de ses parents une attention et une disponibilit\u00e9 accrues<\/span><\/li>\n<\/ul>\n<p><strong><span style=\"color: #000000;\">Nous avions \u00e9galement rappel\u00e9 que certaines mesures avaient \u00e9t\u00e9 mises&nbsp; en place au sein de la Commission gr\u00e2ce aux efforts d\u00e9\u00adploy\u00e9s par <\/span>R&amp;D <span style=\"color: #000000;\">et la repr\u00e9sentation du personnel mais que celles-ci&nbsp; demeuraient insuffisantes.<\/span><\/strong><\/p>\n<p><strong>R<\/strong><strong>&amp;<\/strong><strong>D <\/strong><span style=\"color: #000000;\">a toujours rappel\u00e9 que toute politique discriminatoire est en contradiction avec la Convention des Nations unies relative aux droits de l\u2019enfant (CIDE), la Convention des Nations unies relative aux droits des personnes handicap\u00e9s (CNUDPH), le Socle europ\u00e9en des droits so\u00adciaux, la strat\u00e9gie europ\u00e9enne 2010-2020 en faveur des personnes handicap\u00e9es, la recommandation (2018\/C 195\/01) du Conseil relative \u00e0 la promotion de valeurs communes, \u00e0 l\u2019\u00e9ducation inclusive et \u00e0 la dimension europ\u00e9enne de l\u2019enseignement\u2026.<\/span><\/p>\n<p><strong><span style=\"color: #000000;\">Il ne faut pas oublier que, d\u00e9j\u00e0 en 2015, le Comit\u00e9 des droits des personnes handicap\u00e9es de l\u2019ONU avait \u00e9pingl\u00e9 l\u2019accueil des enfants handicap\u00e9s par les Ecoles europ\u00e9ennes <\/span><\/strong><\/p>\n<p><span style=\"color: #000000;\">En particulier, dans son rapport de 2015, le Comit\u00e9 des droits des personnes handicap\u00e9s de l\u2019ONU s\u2019est pr\u00e9occup\u00e9 sur le fait <em>\u00ab&nbsp;que tous les \u00e9l\u00e8ves handicap\u00e9s ne b\u00e9n\u00e9ficient pas des am\u00e9nagements raisonnables n\u00e9cessaires pour exercer leur droit \u00e0 une \u00e9ducation inclusive de quali\u00adt\u00e9 dans les Ecoles europ\u00e9ennes conform\u00e9ment \u00e0 la Convention et que les \u00e9coles ne respectent pas la clause de non-rejet&nbsp;\u00bb<\/em> qui pr\u00e9voit que les personnes handicap\u00e9s ne soient pas exclues du syst\u00e8me d\u2019\u00e9ducation g\u00e9n\u00e9ral en raison de leur handicap (<\/span><a href=\"https:\/\/documents-dds-ny.un.org\/doc\/UNDOC\/GEN\/G15\/226\/55\/PDF\/G1522655.pdf?OpenElement\"><em><span style=\"color: #0000ff;\">lien<\/span><\/em><\/a><span style=\"color: #000000;\"><em> <\/em>)<\/span><\/p>\n<p><strong><span style=\"color: #000000;\">Compte tenu de ce qui pr\u00e9c\u00e8de, <\/span>R&amp;D<span style=\"color: #000000;\"> vous demande :<\/span><\/strong><\/p>\n<p><span style=\"color: #000000;\">\u00b7&nbsp;&nbsp;&nbsp;&nbsp;&nbsp; &nbsp;&nbsp;&nbsp;&nbsp;d\u2019intervenir lors du Conseil sup\u00e9rieur des Ecoles europ\u00e9ennes afin :<\/span><\/p>\n<p><span style=\"color: #000000;\">*&nbsp;&nbsp;&nbsp; que les Ecoles europ\u00e9ennes soient dot\u00e9es de moyens leur permettant d\u2019assurer une \u00e9ducation v\u00e9ritablement inclusive en faveur des enfants\/\u00e9l\u00e8ves handicap\u00e9s incluant une formation obligatoire au handicap et \u00e0 l\u2019\u00e9ducation pour tout le person\u00adnel et si n\u00e9cessaire se faire assister par l\u2019Agence europ\u00e9enne pour l\u2019\u00e9ducation adapt\u00e9e et inclusive <\/span><\/p>\n<p><span style=\"color: #000000;\">*&nbsp;&nbsp; <strong>qu\u2019un plan d\u2019action d\u2019urgence<\/strong> soit instaur\u00e9 pour rem\u00e9dier aux manquements d\u00e9crits dans le pr\u00e9sent rapport, y compris l\u2019am\u00e9nagement&nbsp; du&nbsp; curriculum pour ces enfants, et de veiller \u00e0 sa mise en place<\/span><\/p>\n<p><span style=\"color: #000000;\">\u00b7&nbsp;&nbsp;&nbsp;&nbsp;&nbsp; de veiller \u00e0 ce <strong>qu\u2019un budget suppl\u00e9mentaire<\/strong> soit allou\u00e9 pour assurer les am\u00e9nagements suffisants et appropri\u00e9s dans les \u00e9coles europ\u00e9ennes et que plus aucun enfant soit oblig\u00e9 de quitter le syst\u00e8me \u00e9ducatif des Ecoles europ\u00e9ennes pour cause d\u2019handicap<\/span><\/p>\n<p><span style=\"color: #000000;\">Nous tenons \u00e9galement \u00e0 vous rappeler que pour le bien-\u00eatre de nos coll\u00e8gues qui ont des enfants handicap\u00e9s ainsi que pour un meilleur \u00e9quilibre de la vie priv\u00e9e\/vie professionnelle, il est essentiel de prendre les mesures n\u00e9cessaires pour leur permettre de travailler sans se sou\u00adcier de l\u2019\u00e9ducation scolaire de leurs enfants handicap\u00e9s.<\/span><\/p>\n<p><span style=\"color: #000000;\">Nous demandons que ce point soit \u00e9galement abord\u00e9 dans le&nbsp;cadre du dialogue social afin de permettre l\u2019avancement de ce dossier.<\/span><\/p>\n<p align=\"center\"><span style=\"color: #000000;\">&nbsp;<\/span><\/p>\n<p align=\"center\"><span style=\"color: #000000;\">Cristiano Sebastiani,<\/span><\/p>\n<p align=\"center\"><span style=\"color: #000000;\">Pr\u00e9sident<\/span><\/p>\n<p align=\"center\"><span style=\"color: #000000;\">&nbsp;<\/span><\/p>\n<p><span style=\"color: #000000;\">Copie:<\/span><\/p>\n<p><span style=\"color: #000000;\">Mme I. Souka &#8211; DG HR<\/span><\/p>\n<p><span style=\"color: #000000;\">M. U. Moricca, Mme M. Saude -DG HR<\/span><\/p>\n<p><span style=\"color: #000000;\">Directeurs des Ecoles europ\u00e9ennes <\/span><\/p>\n<p><span style=\"color: #000000;\">Association des Parents d\u2019El\u00e8ves des Ecoles Europ\u00e9ennes<\/span><\/p>\n<p>Personnel des institutions<\/p>\n<p>&nbsp;<\/p>\n<p><span style=\"color: #000000;\">Annexes:<\/span><\/p>\n<p><strong><em><span style=\"color: #000000;\">Convention des Nations unies relative aux droits de l\u2019enfant (CIDE)<\/span><\/em><\/strong><\/p>\n<p><span style=\"color: #000000;\"><strong>Art. 23<\/strong>: \u00ab&nbsp;Les Etats parties reconnaissent que les enfants mentalement ou physiquement handicap\u00e9s doivent mener une vie pleine et d\u00e9\u00adcente, dans des conditions qui garantissent leur dignit\u00e9, favorisent leur autonomie et facilitent leur participation active \u00e0 la vie de la collectivi\u00adt\u00e9&#8230;&nbsp;\u00bb<\/span><\/p>\n<p><span style=\"color: #000000;\"><strong>Art. 28: <\/strong>1. \u00ab&nbsp;Les Etats parties reconnaissent le droit de l\u2019enfant \u00e0 l\u2019\u00e9ducation, et en particulier, en vue d\u2019assurer l\u2019exercice de ce droit progres\u00adsivement et sur la base de l\u2019\u00e9galit\u00e9 des chances\u2026&nbsp;\u00bb&nbsp; 2. \u00ab&nbsp;Les Etats parties prennent toutes les mesures appropri\u00e9es pour veiller \u00e0 ce que la discipline scolaire soit appliqu\u00e9e d\u2019une mani\u00e8re compatible avec la dignit\u00e9 de l\u2019enfant en tant qu\u2019\u00eatre humain et conform\u00e9ment \u00e0 la pr\u00e9sente Convention&#8230;\u00bb<\/span><\/p>\n<p><strong><em><span style=\"color: #000000;\">Convention des Nations unies relative aux droits des personnes handicap\u00e9s (CNUDPH)<\/span><\/em><\/strong><\/p>\n<p><span style=\"color: #000000;\"><strong>Art. 24 <\/strong>: \u00ab&nbsp; Les \u00c9tats Parties reconnaissent le droit des personnes handicap\u00e9es \u00e0 l\u2019\u00e9ducation. En vue d\u2019assurer l\u2019exercice de ce droit sans dis\u00adcrimination et sur la base de l\u2019\u00e9galit\u00e9 des chances, les \u00c9tats Parties font en sorte que le syst\u00e8me \u00e9ducatif pourvoie \u00e0 l\u2019insertion scolaire \u00e0 tous les niveaux et offre, tout au long de la vie, des possibilit\u00e9s d\u2019\u00e9ducation\u2026. Aux fins de l\u2019exercice de ce droit, les \u00c9tats Parties veillent \u00e0 ce que : Les personnes handicap\u00e9es ne soient pas exclues, sur le fondement de leur handicap, du syst\u00e8me d\u2019enseignement g\u00e9n\u00e9ral et \u00e0 ce que les enfants handicap\u00e9s ne soient pas exclus, sur le fondement de leur handicap, de l\u2019enseignement primaire gratuit et obligatoire ou de l\u2019ensei\u00adgnement secondaire&#8230;&nbsp;\u00bb<\/span><\/p>\n<p><strong><em><span style=\"color: #000000;\">Socle europ\u00e9en des droits sociaux<\/span><\/em><\/strong><\/p>\n<p><span style=\"color: #000000;\"><strong>Chap. 1.1 <\/strong>: L\u2019\u00e9ducation, la formation et l\u2019apprentissage tout au long de la vie &#8211; Toute personne a droit \u00e0 une \u00e9ducation inclusive et de qualit\u00e9, \u00e0 la formation et \u00e0 l\u2019apprentissage tout au long de la vie afin de maintenir et d\u2019acqu\u00e9rir des comp\u00e9tences qui lui permettent de participer plei\u00adnement \u00e0 la vie en soci\u00e9t\u00e9 et de g\u00e9rer avec succ\u00e8s les transitions sur le march\u00e9 du travail.<\/span><\/p>\n<p><strong><em><span style=\"color: #000000;\">La strat\u00e9gie europ\u00e9enne 2010-2020 en faveur des personnes handicap\u00e9es (<\/span><\/em><\/strong><a href=\"https:\/\/eur-lex.europa.eu\/LexUriServ\/LexUriServ.do?uri=COM:2010:0636:FIN:fr:PDF\"><strong><em><span style=\"color: #0000ff;\">lire<\/span><\/em><\/strong><\/a><strong><em><span style=\"color: #000000;\">)<\/span><\/em><\/strong><\/p>\n<p><span style=\"color: #000000;\">Cette strat\u00e9gie a pour objectif de garantir l\u2019application effective de la CNUDPH non seulement dans les Etats membres mais \u00e9galement au sein des institutions europ\u00e9ennes. Elle met l\u2019accents sur la suppression des entraves auxquelles se heurtent les personnes handicap\u00e9es et agit dans 8 domaines, dont celui de l\u2019\u00e9ducation et de la formation.<\/span><\/p>\n","protected":false},"excerpt":{"rendered":"<p>&nbsp; Brussels, le 9 janvier 2019 &nbsp; &nbsp;&nbsp; Note \u00e0 l\u2019attention de M. G\u00fcnther&nbsp; OETTINGER, Commissaire en charge du Budget et des Ressources humaines et de M. Tibor NAVRACSICS, Commissaire en charge de l\u2019\u00e9ducation, de la culture, de la jeunesse et du sport Objet:&nbsp; Rapport \u00ab&nbsp;Marche ou cr\u00e8ve&nbsp;\u00bb les obstacles rencontr\u00e9s par les enfants handicap\u00e9s [&hellip;]<\/p>\n","protected":false},"author":23,"featured_media":0,"comment_status":"closed","ping_status":"closed","sticky":false,"template":"","format":"standard","meta":{"footnotes":""},"categories":[17,168],"tags":[],"_links":{"self":[{"href":"https:\/\/renouveau-democratie.eu\/fr\/wp-json\/wp\/v2\/posts\/17112"}],"collection":[{"href":"https:\/\/renouveau-democratie.eu\/fr\/wp-json\/wp\/v2\/posts"}],"about":[{"href":"https:\/\/renouveau-democratie.eu\/fr\/wp-json\/wp\/v2\/types\/post"}],"author":[{"embeddable":true,"href":"https:\/\/renouveau-democratie.eu\/fr\/wp-json\/wp\/v2\/users\/23"}],"replies":[{"embeddable":true,"href":"https:\/\/renouveau-democratie.eu\/fr\/wp-json\/wp\/v2\/comments?post=17112"}],"version-history":[{"count":10,"href":"https:\/\/renouveau-democratie.eu\/fr\/wp-json\/wp\/v2\/posts\/17112\/revisions"}],"predecessor-version":[{"id":19985,"href":"https:\/\/renouveau-democratie.eu\/fr\/wp-json\/wp\/v2\/posts\/17112\/revisions\/19985"}],"wp:attachment":[{"href":"https:\/\/renouveau-democratie.eu\/fr\/wp-json\/wp\/v2\/media?parent=17112"}],"wp:term":[{"taxonomy":"category","embeddable":true,"href":"https:\/\/renouveau-democratie.eu\/fr\/wp-json\/wp\/v2\/categories?post=17112"},{"taxonomy":"post_tag","embeddable":true,"href":"https:\/\/renouveau-democratie.eu\/fr\/wp-json\/wp\/v2\/tags?post=17112"}],"curies":[{"name":"wp","href":"https:\/\/api.w.org\/{rel}","templated":true}]}}