{"id":17062,"date":"2018-12-05T11:37:48","date_gmt":"2018-12-05T09:37:48","guid":{"rendered":"\/?p=17062"},"modified":"2020-09-01T14:04:35","modified_gmt":"2020-09-01T12:04:35","slug":"demande-de-publication-dun-nouvel-avis-de-vacances-pour-la-nomination-du-mediateur","status":"publish","type":"post","link":"https:\/\/renouveau-democratie.eu\/fr\/2018\/12\/demande-de-publication-dun-nouvel-avis-de-vacances-pour-la-nomination-du-mediateur\/","title":{"rendered":"Demande de  publication d\u2019un nouvel avis de vacances pour la nomination du M\u00e9diateur"},"content":{"rendered":"<p style=\"text-align: right;\">Bruxelles, le 5 d\u00e9cembre 2018<\/p>\n<h3 style=\"text-align: center;\"><span style=\"color: #ff0000;\">&nbsp;Note \u00e0 l\u2019attention de M. J-C Juncker, Pr\u00e9sident de la Commission europ\u00e9enne et<\/span><\/h3>\n<h3 style=\"text-align: center;\"><span style=\"color: #ff0000;\">M. Martin Selmayr, Secr\u00e9taire g\u00e9n\u00e9ral de la Commission europ\u00e9enne<\/span><\/h3>\n<p>&nbsp;<\/p>\n<p><strong>Objet&nbsp;: &nbsp;&nbsp;&nbsp;&nbsp;&nbsp;&nbsp;&nbsp; Demande de&nbsp; publication d\u2019un nouvel avis de vacances pour la nomination du M\u00e9diateur<\/strong><\/p>\n<p><strong>R\u00e9f&nbsp;:&nbsp;&nbsp;&nbsp; &nbsp;&nbsp;&nbsp;&nbsp;&nbsp;&nbsp;&nbsp; Arr\u00eat du Tribunal T-688\/16 annulant la nomination du M\u00e9diateur et intention de la DG HR de \u00ab&nbsp;ressusciter&nbsp;\u00bb l\u2019ancienne proc\u00e9dure organis\u00e9e en 2016 au lieu de proc\u00e9der \u00e0 une nouvelle publication<\/strong><\/p>\n<p>&nbsp;<\/p>\n<p><strong>Suite \u00e0 l\u2019arr\u00eat du Tribunal annulant la nomination du M\u00e9diateur, la DG HR aurait l\u2019intention de \u00ab&nbsp;ressusciter&nbsp;\u00bb l\u2019ancienne proc\u00e9dure de 2016 afin de nommer le nouveau M\u00e9diateur.<\/strong><\/p>\n<p><strong>S\u2019agissant d\u2019un poste au sein de l\u2019organigramme du Secr\u00e9tariat g\u00e9n\u00e9ral et dont la nomination incombe au Pr\u00e9sident de la Commission<\/strong>, nous demandons votre intervention pour que la nouvelle proc\u00e9dure de nomination du M\u00e9diateur soit enfin une proc\u00e9dure exemplaire.<\/p>\n<p>En effet, il est temps d\u2019en terminer avec les approches de la DG HR visant de toute \u00e9vidence \u00e0 affaiblir le r\u00f4le et la perception de l\u2019ind\u00e9pendance du M\u00e9diateur par le biais de dysfonctionnements r\u00e9p\u00e9t\u00e9s dans la proc\u00e9dure de nomination (cfr <a href=\"\/wp-content\/uploads\/2017\/01\/Renard-d%C3%A9cha%C3%AEn%C3%A9-MEDIATION.pdf\">infra<\/a>) et par un manque de ressources chronique ne permettant d\u2019aucune mani\u00e8re \u00e0 ce service d\u2019accomplir ses missions. Sauf naturellement si ceci est le but \u00e0 atteindre\u2026<\/p>\n<p><strong>Selon l&rsquo;unanimit\u00e9 des experts, une v\u00e9ritable strat\u00e9gie de lutte contre le harc\u00e8lement ainsi qu&rsquo;une gestion efficace des conflits imposent, tout d&rsquo;abord, la mise en place d&rsquo;un v\u00e9ritable service de M\u00e9diation professionnelle.<\/strong><\/p>\n<p><strong>C\u2019est aussi ce qui est ressorti du s\u00e9minaire organis\u00e9 en 2015 par la Commission du contr\u00f4le budg\u00e9taire du PE pr\u00e9sid\u00e9e par Mme Graessle.<\/strong><\/p>\n<p>Il n\u2019est pas n\u00e9cessaire d\u2019\u00eatre expert pour saisir que le M\u00e9diateur doit pouvoir faire appel \u00e0 des proc\u00e9dures susceptibles de lui permettre d&rsquo;accomplir ses missions. Il doit \u00e9galement pouvoir r\u00e9pondre, \u00e0 tout moment, aux principes de neutralit\u00e9, d&rsquo;impartialit\u00e9, d&rsquo;ind\u00e9pendance et de confidentialit\u00e9 et que son service soit per\u00e7u comme les respectant pleinement et <strong>ceci d\u00e8s la proc\u00e9dure de nomination<\/strong>.<\/p>\n<p><strong>Or, les \u00ab&nbsp;exploits&nbsp;\u00bb r\u00e9p\u00e9t\u00e9s de la DG HR concernant la nomination du M\u00e9diateur sont autant surprenants qu\u2019inqui\u00e9tants.&nbsp;<\/strong><\/p>\n<p><span style=\"color: #ff0000;\">En effet,<\/span><\/p>\n<ul>\n<li><span style=\"color: #ff0000;\">en essayant d\u2019abord en 2013 de d\u00e9signer le M\u00e9diateur eu \u00e9gard \u00e0 l\u2019article 7 du statut sans publication et par simple mobilit\u00e9 interne,<\/span><\/li>\n<li><span style=\"color: #ff0000;\">en gardant le poste vacant pendant 3 ans (sic&nbsp;!),<\/span><\/li>\n<li><span style=\"color: #ff0000;\">en requalifiant soudainement le poste au rang de conseiller principal sans nullement se soucier du manque de ressources mises \u00e0 la disposition, &nbsp;<\/span><\/li>\n<li><span style=\"color: #ff0000;\">en publiant enfin en 2016 un avis de vacances en ne retenant qu&rsquo;un seul candidat excluant m\u00eame la coll\u00e8gue ayant assur\u00e9 ces missions pendant 3 ans de la short list,<\/span><\/li>\n<li><span style=\"color: #ff0000;\">en privant de tout effet utile la consultation du Comit\u00e9 du personnel en la limitant au seul candidat retenu et enfin,<\/span><\/li>\n<li><span style=\"color: #ff0000;\">en ressuscitant la proc\u00e9dure lanc\u00e9e en 2016 et en se refusant de proc\u00e9der \u00e0 une nouvelle publication de l\u2019avis de vacances suite \u00e0 l&rsquo;annulation de la nomination par le Tribunal\u2026<\/span><\/li>\n<\/ul>\n<p><span style=\"color: #ff0000;\">la DG HR cumule des d\u00e9marches de nature \u00e0 priver cette nomination de toutes les garanties n\u00e9cessaires pour assurer son ind\u00e9pendance.<\/span><\/p>\n<p>Quant \u00e0 la possibilit\u00e9 que la \u00ab&nbsp;r\u00e9surrection&nbsp;\u00bb de la proc\u00e9dure 2016 sans publier un nouvel avis de vacances serait impos\u00e9e par l\u2019arr\u00eat du Tribunal&nbsp;comme semble le pr\u00e9tendre la DG HR, il suffit de rappeler la position de la DG HR lors de ses r\u00e9ponses suite \u00e0 des r\u00e9clamations introduites dans des situations comparables, \u00e0 savoir que conform\u00e9ment \u00e0 la jurisprudence en la mati\u00e8re :<\/p>\n<p><em><strong>\u00ab\u00a0(\u2026) dans l\u2019hypoth\u00e8se ou une proc\u00e9dure de recrutement a \u00e9t\u00e9 annul\u00e9e par le juge de l\u2019Union, l\u2019arr\u00eat d\u2019annulation ne peut, en aucun cas, avoir d\u2019incidence sur le pouvoir discr\u00e9tionnaire de l\u2019administration d\u2019\u00e9largir ses possibilit\u00e9s de choix dans l\u2019int\u00e9r\u00eat du service en retirant l\u2019avis de vacance initial et en ouvrant corr\u00e9lativement une nouvelle proc\u00e9\u00addure de pourvoi du poste litigieux (mutatis mutandis arr\u00eat Menidiatis\/Commission, EU:F:2012:89, point37).\u00a0\u00bb<\/strong><\/em><\/p>\n<p>Compte tenu de ce qui pr\u00e9c\u00e8de, s\u2019agissant d\u2019un poste dans l\u2019organigramme du Secr\u00e9tariat g\u00e9n\u00e9ral et dont la nomination incombe au Pr\u00e9sident de la Commission, nous vous demandons:<\/p>\n<ul>\n<li>d&rsquo;assurer la transparence de cette proc\u00e9dure de nomination et le choix le plus large du meilleur candidat en publiant un nouvel avis de vacance de ce poste ;<\/li>\n<li>de retenir dans le cadre de cette nouvelle proc\u00e9dure pour ce poste hautement sp\u00e9cialis\u00e9 les suggestions tant du PE que&nbsp; de la&nbsp; M\u00e9diatrice europ\u00e9enne d\u2019associer des experts externes dans le domaine de la m\u00e9diation ;<\/li>\n<li>de doter enfin ce service de ressources indispensables \u00e0 son bon fonctionnement et lui permettant enfin de r\u00e9pondre aux attentes du personnel.<\/li>\n<\/ul>\n<p><strong>Dans le cadre de la proc\u00e9dure de nomination du nouveau Secr\u00e9taire g\u00e9n\u00e9ral, vous avez d\u00e9j\u00e0 pu appr\u00e9cier \u00e0 quel point une proc\u00e9dure de nomination mal organis\u00e9e rend contestable le choix et affaibli la perception de l\u2019ind\u00e9pendance du candidat retenu, ceci sans pr\u00e9judice de ses m\u00e9rites.<\/strong><\/p>\n<p>Ainsi, pour R&amp;D il ne s\u2019agit nullement de mettre en cause les m\u00e9rites des coll\u00e8gues ayant d\u00e9pos\u00e9 une candidature en 2016, ni ceux de la coll\u00e8gue ayant introduit le recours ainsi que ceux du M\u00e9diateur dont la nomination vient d\u2019\u00eatre annul\u00e9e.<\/p>\n<p>Il s\u2019agit uniquement de rappeler une fois de plus que la transparence de la proc\u00e9dure de nomination et l&rsquo;intervention du Comit\u00e9 du personnel sont des pr\u00e9alables indispensables et des \u00e9l\u00e9ments essentiels car ils contribuent \u00e0 la perception d&rsquo;ind\u00e9pendance du M\u00e9\u00addiateur et r\u00e9pondent avant tout \u00e0 l\u2019int\u00e9r\u00eat du-de la candidat-e retenu-e in fine.<\/p>\n<p><strong>Un changement radical s\u2019impose et non pas une nouvelle profusion de slogans vides, un nouveau recueil de bonnes inten\u00adtions&#8230; et encore moins un nouvel exploit dans la mise en \u0153uvre de cette proc\u00e9dure de nomination\u2026<\/strong><\/p>\n<p>Nous vous prions de bien vouloir trouvez ci-apr\u00e8s de plus amples d\u00e9tails concernant les \u00e9l\u00e9ments \u00e0 l\u2019appui de nos demandes.<\/p>\n<p>Cristiano Sebastiani<\/p>\n<p>Pr\u00e9sident<\/p>\n<p>&nbsp;<\/p>\n<p>Copies&nbsp;:<\/p>\n<p>Mme C Martines Chef de cabinet du Pr\u00e9sident<\/p>\n<p>M. G. Oettinger, Commissaire en charge du Budget et des Ressources humaines<\/p>\n<p>Mme I. Souka, DG HR<\/p>\n<p>M.&nbsp; L. Romera Requena, DG SJ<\/p>\n<p>Mme E. O\u2019Reilly, M\u00e9diatrice europ\u00e9enne<\/p>\n<p>Mme I. Graessle,&nbsp; Pr\u00e9sidente commission CONT PE<\/p>\n<p>Le Personnel<\/p>\n<p>&nbsp;<\/p>\n<p>&nbsp;<\/p>\n<p>Annexe<\/p>\n<p><strong>&nbsp;Rappel des faits<\/strong><\/p>\n<p><em><strong>Le service de M\u00e9diation de la Commission&nbsp;: \u2026beaucoup de verba \u2026et pas de facta&nbsp;!&nbsp;<\/strong><\/em><\/p>\n<p>Depuis toujours R&amp;D d\u00e9nonce le d\u00e9calage entre d&rsquo;une part, les d\u00e9clarations politiques et la strat\u00e9gie de tol\u00e9rance z\u00e9ro accompagn\u00e9es par le constat d\u2019UN SEUL CAS D\u2019HARCELEMENT av\u00e9r\u00e9 et d&rsquo;autre part, la triste r\u00e9alit\u00e9 d\u2019une gestion d\u00e9plorable des cas d&rsquo;harc\u00e8lement constat\u00e9e par les coll\u00e8gues eux-m\u00eames, qu&rsquo;ils aient subi de tels abus ou qu&rsquo;ils aient simplement \u00e9t\u00e9 appel\u00e9s \u00e0 t\u00e9moigner aupr\u00e8s de l&rsquo;IDOC et ceci notamment lorsque les all\u00e9gations concernaient des membres de l&rsquo;encadrement.<\/p>\n<p>Force est de constater qu\u2019\u00e0 l\u2019heure actuelle le Service de m\u00e9diation n\u2019est pas en mesure de r\u00e9pondre aux besoins de notre institution et il est tout \u00e0 fait incapable de donner une r\u00e9ponse satisfaisante au nombre croissant de coll\u00e8gues qui font appel \u00e0 lui.<\/p>\n<p><em><strong>Alors que R&amp;D fait appel aux meilleurs sp\u00e9cialistes en la mati\u00e8re et pr\u00e9sente des propositions concr\u00e8tes et op\u00e9ra\u00adtionnelles\u2026<\/strong><\/em><\/p>\n<p>Fid\u00e8le \u00e0 notre engagement de toujours d\u2019accompagner nos critiques par des propositions constructives, R&amp;D a organis\u00e9 un s\u00e9minaire en invitant des sp\u00e9cialistes afin de pr\u00e9senter ses propositions concr\u00e8tes et op\u00e9rationnelles pour doter enfin notre institution d\u2019un service de m\u00e9diation \u00e0 la hauteur des besoins et des attentes du personnel ( lire les <a href=\"\/wp-content\/uploads\/2017\/11\/Renard-d%C3%A9cha%C3%AEn%C3%A9-MEDIATION-2-pub.pdf\">conclusions<\/a> ).<\/p>\n<p><em><strong>\u2026.le seul moment o\u00f9 la DG HR semble s&rsquo;int\u00e9resser au M\u00e9diateur c&rsquo;est \u00e0 l&rsquo;occasion de la proc\u00e9dure de nomina\u00adtion\u2026<\/strong><\/em><\/p>\n<p>Tout le monde devrait comprendre que la transparence de la proc\u00e9dure de nomination et l&rsquo;intervention du Comit\u00e9 du personnel sont des pr\u00e9alables indispensables et des \u00e9l\u00e9ments essentiels car ils contribuent \u00e0 la perception d&rsquo;ind\u00e9pendance du M\u00e9diateur.<\/p>\n<p>Or, plut\u00f4t que de se pencher sur le fonctionnement, les moyens et les ressources mises \u00e0 disposition du Service de m\u00e9diation\u2026 la DG HR fid\u00e8le \u00e0 sa v\u00e9ritable vocation de \u00ab\u00a0machine \u00e0 nominations\u00a0\u00bb, semble se soucier de ce service uniquement lors de chaque proc\u00e9dure de d\u00e9signation du m\u00e9diateur.\u2026<\/p>\n<p><em><strong>Car dans le r\u00e8gne du \u00ab&nbsp;fait du prince&nbsp;\u00bb il n\u2019y a pas de place pour un v\u00e9ritable service de M\u00e9diation\u2026<\/strong><\/em><\/p>\n<p>Il n&rsquo;est pas \u00e9tonnant qu&rsquo;une administration s&rsquo;inspirant de plus en plus du \u00ab\u00a0fait du prince\u00a0\u00bb comme principe de base de ses d\u00e9cisions, \u00e9tant de plus en plus hautaine et intol\u00e9rante par rapport aux critiques\u2026naturellement toujours convaincue de conna\u00eetre le meilleur candidat \u2026puisse avoir d\u00e9j\u00e0 collectionn\u00e9 des \u00ab&nbsp;exploits&nbsp;\u00bb&nbsp;inoubliables.<\/p>\n<p><em><strong>\u2026avec la DG HR qui collectionne une s\u00e9rie \u00ab&nbsp;d\u2019exploits&nbsp;\u00bb inoubliables\u2026<\/strong><\/em><\/p>\n<p><em><strong>La saga commence en 2013, par la tentative de la DG HR et du SG de proc\u00e9der \u00e0 la nomination du m\u00e9diateur par simple mobilit\u00e9 interne et sans publication \u2026<\/strong><\/em><\/p>\n<p>En effet, \u00e0 cette occasion la DG HR et le SG avaient envisag\u00e9 d\u2019avoir recours \u00e0 l\u2019article 7 du statut et de proc\u00e9der \u00e0 la nomination du M\u00e9diateur sans publication pr\u00e9alable du poste \u00e0 pourvoir par simple mobilit\u00e9 interne bien \u00e9videmment dans l\u2019int\u00e9r\u00eat du service\u2026<\/p>\n<p>Nous avions d\u2019embl\u00e9e indiqu\u00e9 que le premier r\u00e9sultat de cette proc\u00e9dure aurait \u00e9t\u00e9 de priver&nbsp; la coll\u00e8gue pressentie de toute cr\u00e9dibilit\u00e9 concernant son ind\u00e9pendance de l\u2019administration en d\u00e9truisant ainsi celle du Service de m\u00e9diation\u2026sauf naturellement si ceci n\u2019\u00e9tait pas l\u2019objectif recherch\u00e9\u2026 auquel cas l\u2019approche retenue \u00e9tait la meilleure possible.<\/p>\n<p>Face au caract\u00e8re absolument intenable de&nbsp;cette approche et \u00e0 la r\u00e9action tr\u00e8s ferme de la repr\u00e9sentation du personnel, l&rsquo;administration avait enfin renonc\u00e9 \u00e0 d\u00e9signer le m\u00e9diateur par simple mobilit\u00e9 et sans la moindre transparence.<\/p>\n<p><em><strong>Entre 2013 et 2016 TROIS ANS (sic&nbsp;!) de M\u00e9diateur faisant fonction&nbsp;!<\/strong><\/em><\/p>\n<p>De toute \u00e9vidence n\u2019arrivant pas malgr\u00e9 tout \u00e0 concevoir de publier ce poste, ce n&rsquo;est qu&rsquo;en 2016, \u00e0 savoir 3 ans plus tard, que l&rsquo;ad\u00administration a enfin proc\u00e9d\u00e9 \u00e0 la publication d&rsquo;un avis de vacance.<\/p>\n<p>De toute \u00e9vidence, garder pendant une si longue p\u00e9riode en poste un M\u00e9diateur faisant fonction a d\u00fb apparaitre aux yeux de la DG HR une solution de nature \u00e0 renforcer la perception de son ind\u00e9pendance.<\/p>\n<p><em><strong>Juste avant de relancer la proc\u00e9dure de nomination, le poste de M\u00e9diateur est requalifi\u00e9 en tant que conseiller principal<\/strong><\/em><\/p>\n<p>A cet \u00e9gard, nous avions d\u2019embl\u00e9e soulign\u00e9 que ce n&rsquo;\u00e9tait certainement pas la d\u00e9cision de requalifier le poste de M\u00e9diateur en tant que conseiller principal, dont le candidat retenu aurait pu b\u00e9n\u00e9ficier, qui allait permettre \u00e0 ce service de surmonter les difficult\u00e9s op\u00e9rationnelles dont les rapports d&rsquo;activit\u00e9 ont toujours fait \u00e9tat.<\/p>\n<p><em><strong>En 2016 la proc\u00e9dure de nomination est enfin lanc\u00e9e\u2026en privant l\u2019avis du Comit\u00e9 du personnel de tout effet utile\u2026<\/strong><\/em><\/p>\n<p>Si apr\u00e8s 3 ans la DG HR pouvait surmonter son aversion \u00e0 gaspiller ses \u00e9nergies en publiant enfin le poste, il \u00e9tait visiblement trop demander \u00e0 la DG HR d\u2019assurer le respect de l\u2019obligation de recueillir l\u2019avis du comit\u00e9 du personnel impos\u00e9 par la d\u00e9cision de 2002.<\/p>\n<p>De toute \u00e9vidence, dans le r\u00e8gne du fait du prince, il s\u2019agit l\u00e0 d\u2019une \u00e9tape inutile et une entrave inacceptable \u00e0 la libert\u00e9 totale dans le choix du meilleur candidat pour ce poste.<\/p>\n<p>Tout comme R&amp;D, le Comit\u00e9 du personnel avait imm\u00e9diatement d\u00e9nonc\u00e9 le caract\u00e8re inacceptable de cette d\u00e9marche et a demand\u00e9 de pouvoir disposer de toutes les informations concernant la comparaison des m\u00e9rites des candidats et de pouvoir ainsi \u00e9mettre un avis circonstanci\u00e9.<\/p>\n<p><strong>Inutile de rappeler que la DG HR avait alors rejet\u00e9 toutes les demandes et en \u00e9tait arriv\u00e9e \u00e0 d\u00e9cr\u00e9ter qu\u2019elle \u00e9tait en droit de constater l&rsquo;absence d&rsquo;avis du CCP en proc\u00e9dant ainsi sans d\u00e9lai \u00e0 la nomination du candidat retenu.<\/strong><\/p>\n<p><em><strong>En 2018, comme R&amp;D l\u2019avait indiqu\u00e9 et en reprenant mot \u00e0 mot nos critiques par son arr\u00eat \u2026le Tribunal constate l\u2019ill\u00e9galit\u00e9 des d\u00e9cisions de la DG HR et annule la nomination du M\u00e9diateur ( <a href=\"\/?p=17056\">lire<\/a> )\u2026<\/strong><\/em><\/p>\n<p>Pour appr\u00e9cier le manque de confiance et la d\u00e9motivation du personnel il suffit de constater qu\u2019en r\u00e9ponse \u00e0 notre communication, tout en se r\u00e9jouissant de l\u2019arr\u00eat du Tribunal, nombre de coll\u00e8gues nous ont fait part de leur conviction que l\u2019administration aurait simplement relanc\u00e9 la proc\u00e9dure, qui se serait sold\u00e9e par le m\u00eame r\u00e9sultat.<\/p>\n<p>Ceci non seulement afin de d\u00e9montrer que l\u2019avis du comit\u00e9 du personnel n\u2019a aucun impact et ne sert \u00e0 rien mais aussi pour d\u00e9mon\u00adtrer que contester une nomination devant le Tribunal ne sert \u00e0 rien m\u00eame en cas d\u2019arr\u00eat favorable.<\/p>\n<p><em><strong>Compte tenu de ce qui pr\u00e9c\u00e8de, R&amp;D d\u00e9mande d\u2019assurer une nouvelle publication de avis de vacances pour le poste de M\u00e9diateur et d&rsquo;adopter toutes les mesures d&rsquo;organisation permettant d&rsquo;assurer les meilleures conditions pour ce choix.<\/strong><\/em><\/p>\n<p>&nbsp;<\/p>\n<p>&nbsp;<\/p>\n","protected":false},"excerpt":{"rendered":"<p>Bruxelles, le 5 d\u00e9cembre 2018 &nbsp;Note \u00e0 l\u2019attention de M. J-C Juncker, Pr\u00e9sident de la Commission europ\u00e9enne et M. Martin Selmayr, Secr\u00e9taire g\u00e9n\u00e9ral de la Commission europ\u00e9enne &nbsp; Objet&nbsp;: &nbsp;&nbsp;&nbsp;&nbsp;&nbsp;&nbsp;&nbsp; Demande de&nbsp; publication d\u2019un nouvel avis de vacances pour la nomination du M\u00e9diateur R\u00e9f&nbsp;:&nbsp;&nbsp;&nbsp; &nbsp;&nbsp;&nbsp;&nbsp;&nbsp;&nbsp;&nbsp; Arr\u00eat du Tribunal T-688\/16 annulant la nomination du M\u00e9diateur et [&hellip;]<\/p>\n","protected":false},"author":19,"featured_media":0,"comment_status":"closed","ping_status":"closed","sticky":false,"template":"","format":"standard","meta":{"footnotes":""},"categories":[40,166],"tags":[],"_links":{"self":[{"href":"https:\/\/renouveau-democratie.eu\/fr\/wp-json\/wp\/v2\/posts\/17062"}],"collection":[{"href":"https:\/\/renouveau-democratie.eu\/fr\/wp-json\/wp\/v2\/posts"}],"about":[{"href":"https:\/\/renouveau-democratie.eu\/fr\/wp-json\/wp\/v2\/types\/post"}],"author":[{"embeddable":true,"href":"https:\/\/renouveau-democratie.eu\/fr\/wp-json\/wp\/v2\/users\/19"}],"replies":[{"embeddable":true,"href":"https:\/\/renouveau-democratie.eu\/fr\/wp-json\/wp\/v2\/comments?post=17062"}],"version-history":[{"count":3,"href":"https:\/\/renouveau-democratie.eu\/fr\/wp-json\/wp\/v2\/posts\/17062\/revisions"}],"predecessor-version":[{"id":19987,"href":"https:\/\/renouveau-democratie.eu\/fr\/wp-json\/wp\/v2\/posts\/17062\/revisions\/19987"}],"wp:attachment":[{"href":"https:\/\/renouveau-democratie.eu\/fr\/wp-json\/wp\/v2\/media?parent=17062"}],"wp:term":[{"taxonomy":"category","embeddable":true,"href":"https:\/\/renouveau-democratie.eu\/fr\/wp-json\/wp\/v2\/categories?post=17062"},{"taxonomy":"post_tag","embeddable":true,"href":"https:\/\/renouveau-democratie.eu\/fr\/wp-json\/wp\/v2\/tags?post=17062"}],"curies":[{"name":"wp","href":"https:\/\/api.w.org\/{rel}","templated":true}]}}