{"id":1696,"date":"2010-01-27T18:36:43","date_gmt":"2010-01-27T16:36:43","guid":{"rendered":"\/?p=1696"},"modified":"2010-01-29T18:45:26","modified_gmt":"2010-01-29T16:45:26","slug":"note-a-la-dg-hr-concernant-le-lancement-du-rec-2010","status":"publish","type":"post","link":"https:\/\/renouveau-democratie.eu\/fr\/2010\/01\/note-a-la-dg-hr-concernant-le-lancement-du-rec-2010\/","title":{"rendered":"Note \u00e0 la DG HR concernant le lancement du REC 2010"},"content":{"rendered":"<h3>NOTE A L&rsquo;ATTENTION DE Mme I. SOUKA DIRECTEUR GENERAL DG HR<\/h3>\n<h4>objet: REC 2010<\/h4>\n<table cellspacing=\"0\" cellpadding=\"0\" width=\"489\">\n<tbody>\n<tr>\n<td valign=\"top\">Les OSP signataires constatent   avec grand regret que l&rsquo;information administrative pour le lancement de   l&rsquo;exercice d&rsquo;\u00e9valuation et promotion 2010 a \u00e9t\u00e9 publi\u00e9e avec les m\u00eames DGE   rejet\u00e9es d\u00e9j\u00e0 en 2009 par l&rsquo;ensemble des OSP. Pr\u00e9alablement \u00e0 cette   publication, les OSP signataires attendaient les explications d\u00e9taill\u00e9es   faisant obstacles au lancement de la proc\u00e9dure de concertation pour la   r\u00e9vision des DGE sans mettre en cause l&rsquo;exercice de promotion.<\/td>\n<\/tr>\n<\/tbody>\n<\/table>\n<table cellspacing=\"0\" cellpadding=\"0\" width=\"490\">\n<tbody>\n<tr>\n<td valign=\"top\">A ce sujet, les OSP signataires   rappellent avoir demand\u00e9 l&rsquo;ouverture de la concertation d\u00e8s septembre 2009 et   d\u00e9plorent donc le refus d&rsquo;examiner la possibilit\u00e9 d&rsquo;apporter d\u00e9j\u00e0 en 2010 des   modifications significatives aux DGE ce qui pouvait \u00eatre entrepris   conform\u00e9ment \u00e0 leurs propositions sans mettre en danger le d\u00e9roulement de   l&rsquo;exercice.<\/td>\n<\/tr>\n<\/tbody>\n<\/table>\n<table cellspacing=\"0\" cellpadding=\"0\" width=\"487\">\n<tbody>\n<tr>\n<td valign=\"top\">Lors de nos discussions, vous   vous \u00eates engag\u00e9e \u00e0 faire une note aux Directeurs G\u00e9n\u00e9raux pour pr\u00e9ciser les   modalit\u00e9s de d\u00e9roulement de l&rsquo;exercice 2010. En ce qui nous concerne, il s&rsquo;agit   l\u00e0 d&rsquo;une d\u00e9marche essentielle qui doit permettre de r\u00e9affirmer avec la plus   grande clart\u00e9 le r\u00f4le r\u00e9gulateur de la DG HR afin de mettre fin \u00e0 certaines   d\u00e9rives particuli\u00e8rement graves observ\u00e9es lors de l&rsquo;exercice 2009. Nous   souhaiterions recevoir copie de cette note.<\/td>\n<\/tr>\n<\/tbody>\n<\/table>\n<table cellspacing=\"0\" cellpadding=\"0\" width=\"221\">\n<tbody>\n<tr>\n<td valign=\"top\">Les OSP signataires constatent   que:<\/td>\n<\/tr>\n<\/tbody>\n<\/table>\n<table cellspacing=\"0\" cellpadding=\"0\" width=\"467\">\n<tbody>\n<tr>\n<td valign=\"top\">\n<ul>\n<li>l&rsquo;engagement   de la Commission, souscrit au lendemain de l&rsquo;imposition de la proc\u00e9dure REC   2009 contre l&rsquo;opposition unanime des OSP, d&rsquo;entamer les n\u00e9gociations sur une   modification de cette proc\u00e9dure d\u00e8s l&rsquo;automne 2009 si des d\u00e9rives du syst\u00e8me   \u00e9taient constat\u00e9es, n&rsquo;a pas \u00e9t\u00e9 tenu;<\/li>\n<li>l&rsquo;exercice   2009 n&rsquo;est toujours pas cl\u00f4tur\u00e9;<\/li>\n<li>le comit\u00e9 de   suivi n&rsquo;a toujours pas dress\u00e9 le bilan de l&rsquo;exercice comme le pr\u00e9voit la   proc\u00e9dure, proposer des recommandations et pr\u00e9parer le nouvel exercice.<\/li>\n<\/ul>\n<\/td>\n<\/tr>\n<\/tbody>\n<\/table>\n<table cellspacing=\"0\" cellpadding=\"0\" width=\"488\">\n<tbody>\n<tr>\n<td valign=\"top\">L&rsquo;information administrative   annonce d\u00e9j\u00e0 des changements qui seront apport\u00e9s en cours de proc\u00e9dure   notamment en ce qui concerne la phase d&rsquo;appel.<\/td>\n<\/tr>\n<\/tbody>\n<\/table>\n<table cellspacing=\"0\" cellpadding=\"0\" width=\"487\">\n<tbody>\n<tr>\n<td valign=\"top\">Cette mise devant le fait accompli n&rsquo;a pas manqu\u00e9 de susciter   l&rsquo;inqui\u00e9tude du personnel et de l\u00e9gitimes questions, auxquelles \u00e0 ce stade   les OSP ne peuvent pas r\u00e9pondre. Ces derni\u00e8res n&rsquo;acceptent pas cette fa\u00e7on   d&rsquo;agir, elles d\u00e9noncent le fait de ne pas avoir \u00e9t\u00e9 consult\u00e9es sur les   modifications envisag\u00e9es, avant la publication de l&rsquo;information   administrative et le lancement de l&rsquo;exercice. Elles r\u00e9it\u00e8rent dans le cadre   d&rsquo;un dialogue social r\u00e9el leur demande de conna\u00eetre tr\u00e8s pr\u00e9cis\u00e9ment la   port\u00e9e de ces modifications.<\/td>\n<\/tr>\n<\/tbody>\n<\/table>\n<table cellspacing=\"0\" cellpadding=\"0\" width=\"487\">\n<tbody>\n<tr>\n<td valign=\"top\">Elles rejettent toutes modifications partielles ou adaptations qui   n&rsquo;auraient pas \u00e9t\u00e9 concert\u00e9es pr\u00e9alablement ou qui seraient port\u00e9es \u00e0 la   connaissance du personnel en cours d&rsquo;exercice, ce que l&rsquo;IA semble envisager.   Les OSP signataires refusent toute adaptation \u00ab\u00a0cosm\u00e9tique\u00a0\u00bb qui   laisserait en l&rsquo;\u00e9tat la proc\u00e9dure d&rsquo;\u00e9valuation\/promotion actuelle en   d\u00e9naturant la proc\u00e9dure d&rsquo;appel.<\/td>\n<\/tr>\n<\/tbody>\n<\/table>\n<table cellspacing=\"0\" cellpadding=\"0\" width=\"487\">\n<tbody>\n<tr>\n<td valign=\"top\">En particulier, elles   confirment que toute r\u00e9vision partielle des DGE portant sur la seule phase   d&rsquo;appel sans une r\u00e9vision globale de la proc\u00e9dure d&rsquo;\u00e9valuation et de   promotion ne serait de nature qu&rsquo;\u00e0 porter pr\u00e9judice au droit fondamental du   personnel \u00e0 des voies de recours r\u00e9elles, claires, transparentes, et   annonc\u00e9es dans un d\u00e9lai le plus rapproch\u00e9 possible du d\u00e9but de l&rsquo;exercice.<\/td>\n<\/tr>\n<\/tbody>\n<\/table>\n<table cellspacing=\"0\" cellpadding=\"0\" width=\"486\">\n<tbody>\n<tr>\n<td valign=\"top\">Nul ne conteste la n\u00e9cessit\u00e9 de   faire vite, mais il n&rsquo;en reste pas moins primordial que l&rsquo;agent sache d\u00e8s le   d\u00e9but de l&rsquo;exercice quelles proc\u00e9dures seront mises en place pour ce qui   concerne son \u00e9valuation et le traitement de celle-ci.<\/td>\n<\/tr>\n<\/tbody>\n<\/table>\n<table cellspacing=\"0\" cellpadding=\"0\" width=\"488\">\n<tbody>\n<tr>\n<td valign=\"top\">Enfin, nous tenons \u00e0 confirmer l&rsquo;urgence et la n\u00e9cessit\u00e9 absolue de   proc\u00e9der \u00e0 un changement profond de la proc\u00e9dure pour 2011. Dans ce contexte,   il est essentiel d&rsquo;entamer dans les plus brefs d\u00e9lais cette n\u00e9gociation ainsi   que celle concernant les proc\u00e9dures d&rsquo;\u00e9valuation et de reclassement des   coll\u00e8gues AC et de disposer d&rsquo;un calendrier clair permettant d&rsquo;\u00e9viter de   devoir g\u00e9rer la n\u00e9gociation de ces changements dans la pr\u00e9cipitation.<\/td>\n<\/tr>\n<\/tbody>\n<\/table>\n<table cellspacing=\"0\" cellpadding=\"0\" width=\"308\">\n<tbody>\n<tr>\n<td valign=\"top\">Copies : MM.   Jacob, Jansen, Magnier, Dotto, (DG HR)<\/td>\n<\/tr>\n<\/tbody>\n<\/table>\n<p>Bruxelles, le 27 janvier 2010<\/p>\n<table border=\"1\" cellspacing=\"0\" cellpadding=\"0\">\n<tbody>\n<tr>\n<td width=\"107\" valign=\"top\">ALLIANCE<\/td>\n<td width=\"98\" valign=\"top\">CONF-SFE<\/td>\n<td width=\"106\" valign=\"top\">FFPE<\/td>\n<td width=\"144\" valign=\"top\">USHU\/U4U<\/td>\n<\/tr>\n<tr>\n<td width=\"107\">C. Sebastiani<\/td>\n<td width=\"98\">R-P.   Koch<\/td>\n<td width=\"106\">P-Ph.   Bacri<\/td>\n<td width=\"144\">H. Conefrey G. Vlandas<\/td>\n<\/tr>\n<tr>\n<td width=\"107\">Secr\u00e9taire g\u00e9n\u00e9ral<\/td>\n<td width=\"98\">Pr\u00e9sident<\/td>\n<td width=\"106\">Pr\u00e9sident<\/td>\n<td width=\"144\">Pr\u00e9sidents<\/td>\n<\/tr>\n<tr>\n<td width=\"107\" valign=\"top\"><em>(sign\u00e9) <\/em><\/td>\n<td width=\"98\" valign=\"top\"><em>(sign\u00e9) <\/em><\/td>\n<td width=\"106\" valign=\"top\"><em>(sign\u00e9) <\/em><\/td>\n<td width=\"144\" valign=\"top\"><em>(sign\u00e9) <\/em><\/td>\n<\/tr>\n<\/tbody>\n<\/table>\n","protected":false},"excerpt":{"rendered":"<p>Les OSP signataires constatent   avec grand regret que l&rsquo;information administrative pour le lancement de   l&rsquo;exercice d&rsquo;\u00e9valuation et promotion 2010 a \u00e9t\u00e9 publi\u00e9e avec les m\u00eames DGE   rejet\u00e9es d\u00e9j\u00e0 en 2009 par l&rsquo;ensemble des OSP.<\/p>\n<p>L&rsquo;engagement de la Commission, souscrit au lendemain de l&rsquo;imposition de la proc\u00e9dure REC   2009 contre l&rsquo;opposition unanime des OSP, d&rsquo;entamer les n\u00e9gociations sur une modification de cette proc\u00e9dure d\u00e8s l&rsquo;automne 2009 si des d\u00e9rives du syst\u00e8me \u00e9taient constat\u00e9es, n&rsquo;a pas \u00e9t\u00e9 tenu;<\/p>\n<p>L&rsquo;exercice   2009 n&rsquo;est toujours pas cl\u00f4tur\u00e9;<\/p>\n<p>Le comit\u00e9 de   suivi n&rsquo;a toujours pas dress\u00e9 le bilan de l&rsquo;exercice comme le pr\u00e9voit la   proc\u00e9dure, proposer des recommandations et pr\u00e9parer le nouvel exercice.<\/p>\n","protected":false},"author":3,"featured_media":0,"comment_status":"closed","ping_status":"closed","sticky":false,"template":"","format":"standard","meta":{"footnotes":""},"categories":[8,4],"tags":[],"_links":{"self":[{"href":"https:\/\/renouveau-democratie.eu\/fr\/wp-json\/wp\/v2\/posts\/1696"}],"collection":[{"href":"https:\/\/renouveau-democratie.eu\/fr\/wp-json\/wp\/v2\/posts"}],"about":[{"href":"https:\/\/renouveau-democratie.eu\/fr\/wp-json\/wp\/v2\/types\/post"}],"author":[{"embeddable":true,"href":"https:\/\/renouveau-democratie.eu\/fr\/wp-json\/wp\/v2\/users\/3"}],"replies":[{"embeddable":true,"href":"https:\/\/renouveau-democratie.eu\/fr\/wp-json\/wp\/v2\/comments?post=1696"}],"version-history":[{"count":0,"href":"https:\/\/renouveau-democratie.eu\/fr\/wp-json\/wp\/v2\/posts\/1696\/revisions"}],"wp:attachment":[{"href":"https:\/\/renouveau-democratie.eu\/fr\/wp-json\/wp\/v2\/media?parent=1696"}],"wp:term":[{"taxonomy":"category","embeddable":true,"href":"https:\/\/renouveau-democratie.eu\/fr\/wp-json\/wp\/v2\/categories?post=1696"},{"taxonomy":"post_tag","embeddable":true,"href":"https:\/\/renouveau-democratie.eu\/fr\/wp-json\/wp\/v2\/tags?post=1696"}],"curies":[{"name":"wp","href":"https:\/\/api.w.org\/{rel}","templated":true}]}}