{"id":14887,"date":"2016-10-12T09:40:49","date_gmt":"2016-10-12T07:40:49","guid":{"rendered":"\/?p=14887"},"modified":"2016-10-12T09:40:49","modified_gmt":"2016-10-12T07:40:49","slug":"conference-brexit-a-practical-guide-du-15-september-2016-videodiapositives-de-presentation","status":"publish","type":"post","link":"https:\/\/renouveau-democratie.eu\/fr\/2016\/10\/conference-brexit-a-practical-guide-du-15-september-2016-videodiapositives-de-presentation\/","title":{"rendered":"Conf\u00e9rence \u00ab Brexit: a practical guide \u00bb du 15 September 2016 &#8211; vid\u00e9o\/diapositives de pr\u00e9sentation"},"content":{"rendered":"<p><strong><span style=\"color: #000000;\">Ch\u00e8res Coll\u00e8gues, Chers Coll\u00e8gues,<\/span><\/strong><\/p>\n<p><span style=\"color: #339966;\"><strong>R<\/strong><span style=\"color: #ff0000;\"><strong>&amp;<\/strong><\/span><strong>D <\/strong><\/span><strong><\/strong><span style=\"color: #000000;\">a le plaisir de vous transmettre la mise en ligne de l&rsquo;enregistrement de la conf\u00e9rence \u00ab <strong>Brexit: a practical guide <\/strong><\/span><span style=\"color: #000000;\">\u00bb organis\u00e9e par <\/span><span style=\"color: #339966;\"><strong>R<\/strong><span style=\"color: #ff0000;\"><strong>&amp;<\/strong><\/span><strong>D <\/strong><\/span><span style=\"color: #000000;\">au Conseil le <\/span>15 septembre 2016, ainsi <span style=\"color: #000000;\">que la pr\u00e9sentation <\/span>PowerPoint de cet \u00e9v\u00e9nement.<\/p>\n<p><span style=\"color: #000000;\">Veuillez cliquer <\/span><a href=\"https:\/\/www.youtube.com\/watch?v=jRUy6HpEHBI&amp;feature=youtu.be\"><span style=\"color: #0000ff;\">ici<\/span><\/a><span style=\"color: #000000;\"> pour la vid\u00e9o et <\/span><a href=\"\/wp-content\/uploads\/2016\/10\/pr\u00e9sentation-Brexit-final-15092016.pdf\"><span style=\"color: #0000ff;\">ici<\/span><\/a><span style=\"color: #000000;\"> pour la pr\u00e9sentation PowerPoint.<\/span><\/p>\n<p><span style=\"color: #339966;\"><strong>R<\/strong><span style=\"color: #ff0000;\"><strong>&amp;<\/strong><\/span><strong>D <\/strong><\/span><strong><\/strong>reste disponible pour r\u00e9pondre \u00e0 vos \u00e9ventuelles questions.<\/p>\n<p><span style=\"color: #000000;\">Bonne vision et lecture!<\/span><\/p>\n<p><strong>L\u2019Equipe de<\/strong> <span style=\"color: #339966;\"><strong>R<\/strong><span style=\"color: #ff0000;\"><strong>&amp;<\/strong><\/span><strong>D<\/strong><\/span><\/p>\n","protected":false},"excerpt":{"rendered":"<p>Ch\u00e8res Coll\u00e8gues, Chers Coll\u00e8gues, R&amp;D a le plaisir de vous transmettre la mise en ligne de l&rsquo;enregistrement de la conf\u00e9rence \u00ab Brexit: a practical guide \u00bb organis\u00e9e par R&amp;D au Conseil le 15 septembre 2016, ainsi que la pr\u00e9sentation PowerPoint de cet \u00e9v\u00e9nement. Veuillez cliquer ici pour la vid\u00e9o et ici pour la pr\u00e9sentation PowerPoint. [&hellip;]<\/p>\n","protected":false},"author":19,"featured_media":0,"comment_status":"closed","ping_status":"closed","sticky":false,"template":"","format":"standard","meta":{"footnotes":""},"categories":[110,40,20,12,16],"tags":[],"_links":{"self":[{"href":"https:\/\/renouveau-democratie.eu\/fr\/wp-json\/wp\/v2\/posts\/14887"}],"collection":[{"href":"https:\/\/renouveau-democratie.eu\/fr\/wp-json\/wp\/v2\/posts"}],"about":[{"href":"https:\/\/renouveau-democratie.eu\/fr\/wp-json\/wp\/v2\/types\/post"}],"author":[{"embeddable":true,"href":"https:\/\/renouveau-democratie.eu\/fr\/wp-json\/wp\/v2\/users\/19"}],"replies":[{"embeddable":true,"href":"https:\/\/renouveau-democratie.eu\/fr\/wp-json\/wp\/v2\/comments?post=14887"}],"version-history":[{"count":2,"href":"https:\/\/renouveau-democratie.eu\/fr\/wp-json\/wp\/v2\/posts\/14887\/revisions"}],"predecessor-version":[{"id":14889,"href":"https:\/\/renouveau-democratie.eu\/fr\/wp-json\/wp\/v2\/posts\/14887\/revisions\/14889"}],"wp:attachment":[{"href":"https:\/\/renouveau-democratie.eu\/fr\/wp-json\/wp\/v2\/media?parent=14887"}],"wp:term":[{"taxonomy":"category","embeddable":true,"href":"https:\/\/renouveau-democratie.eu\/fr\/wp-json\/wp\/v2\/categories?post=14887"},{"taxonomy":"post_tag","embeddable":true,"href":"https:\/\/renouveau-democratie.eu\/fr\/wp-json\/wp\/v2\/tags?post=14887"}],"curies":[{"name":"wp","href":"https:\/\/api.w.org\/{rel}","templated":true}]}}