{"id":14787,"date":"2016-08-04T15:25:12","date_gmt":"2016-08-04T13:25:12","guid":{"rendered":"\/?p=14787"},"modified":"2016-09-30T10:29:03","modified_gmt":"2016-09-30T08:29:03","slug":"note-a-lattention-de-monsieur-jean-claude-juncker","status":"publish","type":"post","link":"https:\/\/renouveau-democratie.eu\/fr\/2016\/08\/note-a-lattention-de-monsieur-jean-claude-juncker\/","title":{"rendered":"Note \u00e0 l\u2019attention de M. Jean-Claude Juncker: Nomination de M. Barroso en tant que conseiller et pr\u00e9sident non ex\u00e9cutif des activit\u00e9s internationales aupr\u00e8s de la banque d&rsquo;affaires internationale Goldman Sachs"},"content":{"rendered":"<p><strong><span style=\"font-size: medium;\">OBJET: \u00a0\u00a0\u00a0\u00a0\u00a0\u00a0\u00a0\u00a0 <\/span><span style=\"font-size: medium;\">Nomination de M. Barroso en tant que conseiller et pr\u00e9sident non ex\u00e9cutif des activit\u00e9s internationales aupr\u00e8s de la banque d&rsquo;affaires internationale Goldman Sachs <\/span><\/strong><\/p>\n<p><span style=\"font-family: Calibri;\">\u00a0<\/span><\/p>\n<p><span style=\"color: #000000; font-size: medium;\">Monsieur le Pr\u00e9sident,<\/span><\/p>\n<p><span style=\"font-size: medium;\"><span style=\"color: #000000;\">Par <\/span><a href=\"\/?p=14761\">notre courrier du 12 juillet<\/a><span style=\"text-decoration: underline;\">,<\/span> <span style=\"color: #000000;\">nous avions attir\u00e9 votre attention sur le caract\u00e8re inacceptable de la nomination de M. Barroso en tant que conseiller et pr\u00e9sident non ex\u00e9cutif des activit\u00e9s internationales aupr\u00e8s de la banque d&rsquo;affaires internationale Goldman Sachs en demandant que le Coll\u00e8ge prenne position en application de l&rsquo;article 245 du TFUE.<\/span><\/span><\/p>\n<p><span style=\"font-size: medium;\"><span style=\"color: #000000;\">Ce m\u00eame jour, nous avons \u00e9galement envoy\u00e9 un <\/span><a href=\"\/?p=14778\">courrier \u00e0 M. Barroso<\/a> <span style=\"color: #000000;\">lui demandant de revenir sur sa d\u00e9cision pour des raisons relevant de la morale et de l&rsquo;\u00e9thique. <\/span><\/span><\/p>\n<p><span style=\"color: #000000; font-size: medium;\">De m\u00eame, il est inutile de mentionner \u00e0 nouveau les r\u00e9actions outr\u00e9es de la presse europ\u00e9enne ainsi que <\/span><a href=\"http:\/\/www.ombudsman.europa.eu\/fr\/press\/release.faces\/en\/69172\/html.bookmark\"><span style=\"color: #0000ff; font-size: medium;\">la prise de position tr\u00e8s claire du m\u00e9diateur europ\u00e9en<\/span><\/a><span style=\"color: #000000; font-size: medium;\"> que nous saluons.<\/span><\/p>\n<p><span style=\"color: #000000; font-size: medium;\">N\u00e9anmoins, au-del\u00e0 des r\u00e9actions et des pressions externes, il est essentiel que notre institution rassure son personnel et les citoyens quant \u00e0 sa capacit\u00e9 de r\u00e9action et d\u00e9montre qu&rsquo;elle est capable de prendre pleinement en charge ce dossier. <\/span><\/p>\n<p><span style=\"font-size: medium;\"><span style=\"color: #000000;\">A cet \u00e9gard, nous saluons <\/span><a href=\"https:\/\/www.youtube.com\/watch?v=I7p7mg916Cw&amp;feature=youtu.be&amp;t=427\">votre prise de position<\/a><\/span><span style=\"font-size: medium;\"><span style=\"color: #000000;\">, sur le recrutement de M. Barroso, lors de l&rsquo;\u00e9mission les \u00ab\u00a04 v\u00e9rit\u00e9s\u00a0\u00bb du 25 juillet 2016 sur France 2 lorsque G. Bornstein vous a demand\u00e9 \u00ab\u00a0<em>Est-ce que \u00e7a vous choque<\/em><\/span><\/span><span style=\"color: #000000; font-size: medium;\">\u00ab\u00a0, vous avez r\u00e9pondu \u00a0\u00bb <\/span><strong><em><span style=\"color: #000000; font-size: medium;\">Je ne l&rsquo;aurais pas fait<\/span><\/em><\/strong><span style=\"color: #000000; font-size: medium;\">\u00a0\u00bb m\u00eame si vous avez d\u00e9clar\u00e9 que \u00a0\u00bb <\/span><em><span style=\"color: #000000; font-size: medium;\">Monsieur Barroso a respect\u00e9 toutes les proc\u00e9dures qui sont pr\u00e9vues<\/span><\/em><span style=\"color: #000000; font-size: medium;\">\u00a0\u00bb (r\u00e9f\u00e9rence \u00e0 l&rsquo;art 1.2 du code de conduite des commissaires).<\/span><\/p>\n<p><span style=\"font-size: medium;\"><span style=\"color: #000000;\">Monsieur Fran\u00e7ois Hollande, Pr\u00e9sident de la r\u00e9publique fran\u00e7aise, a \u00e9galement <\/span><a href=\"https:\/\/www.youtube.com\/watch?v=xGd7AAuj5e0&amp;feature=youtu.be&amp;t=1719\">condamn\u00e9 fermement la d\u00e9cision de M. Barroso<\/a> <\/span><span style=\"font-size: medium;\"><span style=\"color: #000000;\">la qualifiant de \u00ab\u00a0<strong><em>moralement inacceptable<\/em><\/strong><\/span><\/span><span style=\"color: #000000; font-size: medium;\">\u00a0\u00bb dans son interview annuelle donn\u00e9e lors de la f\u00eate nationale du 14 juillet. <\/span><\/p>\n<p><span style=\"font-size: medium;\"><span style=\"color: #000000;\">Entre temps, une <\/span><a href=\"https:\/\/www.change.org\/p\/for-strong-exemplary-measures-to-be-taken-against-jm-barroso-for-joining-goldman-sachs-international\">p\u00e9tition en ligne<\/a><\/span><span style=\"font-size: medium;\"> <strong><em>\u00a0\u00bb Pas \u00e0 notre nom\u00a0\u00bb<\/em><\/strong><\/span><span style=\"font-size: medium;\"> adress\u00e9e aux pr\u00e9sidents des trois Institutions <\/span><span style=\"font-size: medium;\"><span style=\"color: #000000;\">a \u00e9t\u00e9 lanc\u00e9e par un collectif de coll\u00e8gues et a, \u00e0 ce jour, d\u00e9j\u00e0 recueilli pr\u00e8s de <strong>4000 signatures<\/strong><\/span><\/span><span style=\"color: #000000; font-size: medium;\">. <\/span><\/p>\n<p><span style=\"font-size: medium;\"><span style=\"color: #000000;\">A cette occasion, les coll\u00e8gues ont d\u00e9nonc\u00e9 ce nouvel exemple de <em>\u00ab\u00a0pantouflage\u00a0irresponsable, tr\u00e8s pr\u00e9judiciable aux institutions communautaires et, bien que pas ill\u00e9gal, moralement malhonn\u00eate\u00a0\u00bb. <\/em><\/span><\/span><\/p>\n<p><span style=\"font-size: medium;\"><span style=\"color: #000000;\">Dans ce contexte, ils demandent\u00a0 <\/span><\/span><span style=\"color: #000000; font-size: medium;\">de \u00ab\u00a0<\/span><em><span style=\"color: #000000; font-size: medium;\">ne<\/span><\/em><em><span style=\"color: #000000; font-size: medium;\"> pas se limiter \u00e0 constater que Monsieur Barroso a quitt\u00e9 ses fonctions il y a plus de 18 mois\u00a0\u00bb<\/span><\/em><span style=\"font-size: medium;\"><span style=\"color: #000000;\"> mais de \u00ab\u00a0<em>faire examiner dans le d\u00e9tail et de mani\u00e8re transparente le respect par Monsieur Barroso de ses devoirs d\u00b4honn\u00eatet\u00e9 et de d\u00e9licatesse vis-\u00e0-vis de l&rsquo;Union europ\u00e9enne<\/em><\/span><\/span><span style=\"color: #000000; font-size: medium;\">\u00a0\u00bb et, le cas \u00e9chant, \u00ab\u00a0<\/span><em><span style=\"color: #000000; font-size: medium;\">prendre des sanctions fortes et exemplaires contre Jos\u00e9 Manuel Barroso, telles que la suspension de ses indemnit\u00e9s de retraite et de tous ses titres honorifiques \u00e9ventuels li\u00e9s aux institutions europ\u00e9ennes\u00a0\u00bb.<\/span><\/em><\/p>\n<p><span style=\"font-size: medium;\"><span style=\"color: #000000;\">De plus, ils demandent \u00e0 \u00ab\u00a0<em>renforcer les r\u00e8gles d&rsquo;\u00e9thique et de lutte contre le pantouflage applicables aux anciens Membres de la Commission, en proportion du pr\u00e9judice que leur comportement futur peut faire peser sur la fonction publique europ\u00e9enne et l&rsquo;Union europ\u00e9enne<\/em><\/span><\/span><span style=\"color: #000000; font-size: medium;\">\u00ab\u00a0. <\/span><\/p>\n<p><span style=\"font-size: medium;\"><strong>R<\/strong><strong>&amp;<\/strong><strong>D<\/strong> <span style=\"color: #000000;\">soutient avec conviction cette p\u00e9tition qui a d\u00e9j\u00e0 re\u00e7u un \u00e9cho favorable dans la presse comme \u00e9tant la preuve de la sensibilit\u00e9 \u00e9thique du personnel de nos institutions. <\/span><\/span><\/p>\n<p><span style=\"color: #000000; font-size: medium;\">Cette d\u00e9marche r\u00e9pond \u00e0 la demande faite par Madame Kristalina Georgieva, Vice-pr\u00e9sidente, au personnel de s&rsquo;exprimer et de s&rsquo;engager activement aussi sur des th\u00e8mes politiques d\u00e9passant le simple cadre du travail. <\/span><\/p>\n<p><strong><span style=\"color: #000000; font-size: medium;\">N\u00e9anmoins, il ne suffit pas d&rsquo;inviter les coll\u00e8gues \u00e0 s&rsquo;exprimer. Il est essentiel de donner une suite ad\u00e9quate aux opinions exprim\u00e9es en prenant en compte, dans les faits, la voix du personnel. <\/span><\/strong><\/p>\n<p><span style=\"font-size: medium;\">Compte tenu de ce qui pr\u00e9c\u00e8de, nous r\u00e9it\u00e9rons toutes les demandes formul\u00e9es dans <a href=\"\/?p=14761\">notre courrier du 12 juillet<\/a> tant en ce qui concerne les mesures \u00e0 adopter pour ce cas de pantouflage inacceptable que l&rsquo;urgence d&rsquo;adapter les r\u00e8gles en la mati\u00e8re qui se sont av\u00e9r\u00e9es absolument inad\u00e9quates et ce, au vu du manque de sensibilit\u00e9 et de retenue plus que regrettable dont M. Barroso a fait preuve. <\/span><\/p>\n<p><span style=\"color: #000000; font-size: medium;\">Cristiano SEBASTIANI,<\/span><\/p>\n<p><em><span style=\"color: #000000; font-size: medium;\">(Sign\u00e9)<\/span><\/em><\/p>\n<p><span style=\"color: #000000; font-size: medium;\">Pr\u00e9sident<\/span><\/p>\n<p align=\"center\"><span style=\"color: #000000; font-size: medium;\">\u00a0<\/span><\/p>\n<p><strong><span style=\"font-size: medium;\">Copie:<\/span><\/strong><span style=\"font-size: medium;\">\u00a0\u00a0\u00a0\u00a0\u00a0\u00a0\u00a0\u00a0\u00a0\u00a0<\/span><span style=\"font-size: medium;\">Le Coll\u00e8ge des Commissaires<\/span><\/p>\n<p><span style=\"font-size: medium;\">\u00a0\u00a0\u00a0\u00a0\u00a0\u00a0\u00a0\u00a0\u00a0\u00a0\u00a0 \u00a0\u00a0\u00a0\u00a0\u00a0\u00a0\u00a0\u00a0\u00a0\u00a0\u00a0 <\/span><span style=\"font-size: medium;\">Le Personnel de l\u2019Institution<\/span><\/p>\n","protected":false},"excerpt":{"rendered":"<p>OBJET: \u00a0\u00a0\u00a0\u00a0\u00a0\u00a0\u00a0\u00a0 Nomination de M. Barroso en tant que conseiller et pr\u00e9sident non ex\u00e9cutif des activit\u00e9s internationales aupr\u00e8s de la banque d&rsquo;affaires internationale Goldman Sachs \u00a0 Monsieur le Pr\u00e9sident, Par notre courrier du 12 juillet, nous avions attir\u00e9 votre attention sur le caract\u00e8re inacceptable de la nomination de M. Barroso en tant que conseiller et [&hellip;]<\/p>\n","protected":false},"author":19,"featured_media":0,"comment_status":"closed","ping_status":"closed","sticky":false,"template":"","format":"standard","meta":{"footnotes":""},"categories":[40],"tags":[],"_links":{"self":[{"href":"https:\/\/renouveau-democratie.eu\/fr\/wp-json\/wp\/v2\/posts\/14787"}],"collection":[{"href":"https:\/\/renouveau-democratie.eu\/fr\/wp-json\/wp\/v2\/posts"}],"about":[{"href":"https:\/\/renouveau-democratie.eu\/fr\/wp-json\/wp\/v2\/types\/post"}],"author":[{"embeddable":true,"href":"https:\/\/renouveau-democratie.eu\/fr\/wp-json\/wp\/v2\/users\/19"}],"replies":[{"embeddable":true,"href":"https:\/\/renouveau-democratie.eu\/fr\/wp-json\/wp\/v2\/comments?post=14787"}],"version-history":[{"count":4,"href":"https:\/\/renouveau-democratie.eu\/fr\/wp-json\/wp\/v2\/posts\/14787\/revisions"}],"predecessor-version":[{"id":14789,"href":"https:\/\/renouveau-democratie.eu\/fr\/wp-json\/wp\/v2\/posts\/14787\/revisions\/14789"}],"wp:attachment":[{"href":"https:\/\/renouveau-democratie.eu\/fr\/wp-json\/wp\/v2\/media?parent=14787"}],"wp:term":[{"taxonomy":"category","embeddable":true,"href":"https:\/\/renouveau-democratie.eu\/fr\/wp-json\/wp\/v2\/categories?post=14787"},{"taxonomy":"post_tag","embeddable":true,"href":"https:\/\/renouveau-democratie.eu\/fr\/wp-json\/wp\/v2\/tags?post=14787"}],"curies":[{"name":"wp","href":"https:\/\/api.w.org\/{rel}","templated":true}]}}