{"id":13917,"date":"2015-11-26T08:38:16","date_gmt":"2015-11-26T07:38:16","guid":{"rendered":"\/?p=13917"},"modified":"2015-12-02T23:02:47","modified_gmt":"2015-12-02T22:02:47","slug":"teleworking-et-temps-partiel-de-reelles-avancees","status":"publish","type":"post","link":"https:\/\/renouveau-democratie.eu\/fr\/2015\/11\/teleworking-et-temps-partiel-de-reelles-avancees\/","title":{"rendered":"Teleworking: De r\u00e9elles avanc\u00e9es!"},"content":{"rendered":"<p>A l&rsquo;is<a href=\"\/?p=13917\"><img loading=\"lazy\" decoding=\"async\" class=\"alignleft  wp-image-13919\" title=\"TELETRAVAIL\" src=\"\/wp-content\/uploads\/2015\/11\/TELETRAVAIL1-300x232.png\" alt=\"\" width=\"200\" height=\"150\" \/><\/a>sue des concertations administratives et techniques avec la DG HR, dans le cadre de la n\u00e9gociation que <strong><span style=\"color: #339966;\">R<span style=\"color: #ff0000;\">&amp;<\/span>D<\/span><\/strong> a conduit avec nos partenaires de l&rsquo;ALLIANCE sur base de revendications claires et motiv\u00e9es\u00a0 nous avons pu obtenir de r\u00e9elles avanc\u00e9es, que ce soit \u00e0 travers le teleworking ou le temps partiel*.<\/p>\n<h3><span style=\"color: #ff0000;\">Merci \u00e0 la Vice-Pr\u00e9sidente Georgieva pour son impulsion claire\u2026<\/span><\/h3>\n<p><strong><span style=\"color: #339966;\">R<span style=\"color: #ff0000;\">&amp;<\/span>D<\/span><\/strong> avait imm\u00e9diatement f\u00e9licit\u00e9 la Vice-Pr\u00e9sidente Georgieva pour le courage de sa proposition qui stipulait clairement que le t\u00e9l\u00e9travail \u00e9tait dans l&rsquo;int\u00e9r\u00eat du service\u00a0(<a href=\"\/?p=13611\">lien<\/a>) .<\/p>\n<h3><span style=\"color: #ff0000;\">Une concertation pour une fois bien organis\u00e9e\u2026<\/span><\/h3>\n<p>Il faut aussi reconnaitre d&#8217;embl\u00e9e que la concertation a \u00e9t\u00e9 men\u00e9e par les services de la DG HR d&rsquo;une mani\u00e8re tr\u00e8s professionnelle et structur\u00e9e avec des comptes rendu clairs et d\u00e9taill\u00e9s et non pas dans le d\u00e9sordre organis\u00e9 qui r\u00e8gne h\u00e9las dans le cadre de la n\u00e9gociation en cours pour le dossier concernant les AC.<\/p>\n<h3><span style=\"color: #ff0000;\">Qui a permis d&rsquo;am\u00e9liorer la proposition initiale \u2026<\/span><\/h3>\n<p>Voici les principaux changements pour le teleworking:<\/p>\n<p>Le teleworking est, a priori, dans l&rsquo;int\u00e9r\u00eat du service, et chacun, hormis une liste tr\u00e8s restrictive de m\u00e9tiers, peut y avoir recours. Nous avons veill\u00e9 \u00e0 ce que le pouvoir discr\u00e9tionnaire du line manager soit strictement encadr\u00e9 avec des d\u00e9cisions toujours motiv\u00e9es et qu&rsquo;il y ait toujours la possibilit\u00e9 de pr\u00e9senter un recours en cas de refus.<\/p>\n<p>Le teleworking occasionnel passe de 30 \u00e0 60 jours par an, ce qui laisse beaucoup plus de flexibilit\u00e9. Dans des cas de circonstances exceptionnelles comme celles que nous connaissons actuellement, ou dans des cas de force majeure ou de gr\u00e8ves, cette formule de travail devra \u00eatre automatiquement propos\u00e9e. A notre demande, la DG HR s&rsquo;est engag\u00e9e \u00e0 renforcer tr\u00e8s rapidement les capacit\u00e9s de connexion au serveur qui s&rsquo;est r\u00e9v\u00e9l\u00e9e insuffisante ces jours-ci avec le d\u00e9clenchement du niveau 4 de s\u00e9curit\u00e9 \u00e0 Bruxelles.<\/p>\n<p>Le teleworking structurel permet des formules souples de travail pouvant aller jusqu&rsquo;\u00e0 un sch\u00e9ma sur 2 semaines de 3\/2 jours. Sachant qu&rsquo;un certain nombre de DGs ont d\u00e9j\u00e0 lanc\u00e9 les appels \u00e0 manifestation d&rsquo;int\u00e9r\u00eat sur base de l&rsquo;ancienne d\u00e9cision qui expire au 31 d\u00e9cembre de cette ann\u00e9e, nous avons invit\u00e9 la DG HR \u00e0 veiller \u00e0 la conformit\u00e9 de la mise en \u0153uvre de la nouvelle d\u00e9cision qui entrera en vigueur au 1<sup>er<\/sup> janvier 2016.<\/p>\n<p>En cas de maladie, personne ne peut vous obliger \u00e0 t\u00e9l\u00e9travailler. Une telle d\u00e9cision en cas, par exemple, de perte de mobilit\u00e9, rel\u00e8ve en premier lieu de votre propre choix.<\/p>\n<p>Sachant que, bien trop souvent encore, une certaine pression tacite s&rsquo;exerce lorsqu&rsquo;on souhaite obtenir un am\u00e9nagement du temps de travail et qu&rsquo;au sein d&rsquo;une unit\u00e9 ou d&rsquo;une direction, cela peut \u00eatre mal consid\u00e9r\u00e9, nous avons demand\u00e9 \u00e0 ce qu&rsquo;une r\u00e9elle \u00e9valuation de la situation soit faite. Ainsi, il y a aura dans le Staff Survey une rubrique destin\u00e9e \u00e0 savoir si vous avez rencontr\u00e9 des difficult\u00e9s pour obtenir un tel am\u00e9nagement du temps de travail.<\/p>\n<p>Les mentalit\u00e9s sont dures \u00e0 changer et les diables est dans les d\u00e9tails\u2026<\/p>\n<p>N\u00e9anmoins, malgr\u00e9 les avanc\u00e9es obtenues, les r\u00e9ponses de plusieurs DG dans le cadre de la Consultation Interservices d\u00e9montrent que le changement de mentalit\u00e9s pr\u00f4n\u00e9es par la Vice-Pr\u00e9sidente Georgieva est loin d&rsquo;avoir \u00e9t\u00e9 accompli et qu&rsquo;il faut donc s&rsquo;attendre \u00e0 des r\u00e9sistances dans la mise en \u0153uvre de la d\u00e9cision visant \u00e0 vider de tout effet utile la nouvelle d\u00e9cision.<\/p>\n<p>Ainsi, nous avons obtenu que toutes les questions relatives \u00e0 l&rsquo;application de la nouvelle d\u00e9cision seront soumises \u00e0 un comit\u00e9 paritaire sp\u00e9cialement d\u00e9di\u00e9 \u00e0 l&rsquo;am\u00e9nagement du temps de travail. Il sera important d&rsquo;en suivre les travaux. A cette fin, <strong><span style=\"color: #339966;\">R<span style=\"color: #ff0000;\">&amp;<\/span>D<\/span><\/strong> vous demande de nous informer sur toute situation qui poserait probl\u00e8me.<\/p>\n<p>* Temps partiel : <a href=\"\/?p=13924\"><span style=\"color: #0000ff; font-family: Times New Roman; font-size: medium;\">voir notre tract sur ce sujet<\/span><\/a><\/p>\n","protected":false},"excerpt":{"rendered":"<p>A l&rsquo;issue des concertations administratives et techniques avec la DG HR, dans le cadre de la n\u00e9gociation que R&amp;D a conduit avec nos partenaires de l&rsquo;ALLIANCE sur base de revendications claires et motiv\u00e9es\u00a0 nous avons pu obtenir de r\u00e9elles avanc\u00e9es, que ce soit \u00e0 travers le teleworking ou le temps partiel*. Merci \u00e0 la Vice-Pr\u00e9sidente [&hellip;]<\/p>\n","protected":false},"author":19,"featured_media":0,"comment_status":"closed","ping_status":"closed","sticky":false,"template":"","format":"standard","meta":{"footnotes":""},"categories":[40,15,20,16],"tags":[],"_links":{"self":[{"href":"https:\/\/renouveau-democratie.eu\/fr\/wp-json\/wp\/v2\/posts\/13917"}],"collection":[{"href":"https:\/\/renouveau-democratie.eu\/fr\/wp-json\/wp\/v2\/posts"}],"about":[{"href":"https:\/\/renouveau-democratie.eu\/fr\/wp-json\/wp\/v2\/types\/post"}],"author":[{"embeddable":true,"href":"https:\/\/renouveau-democratie.eu\/fr\/wp-json\/wp\/v2\/users\/19"}],"replies":[{"embeddable":true,"href":"https:\/\/renouveau-democratie.eu\/fr\/wp-json\/wp\/v2\/comments?post=13917"}],"version-history":[{"count":9,"href":"https:\/\/renouveau-democratie.eu\/fr\/wp-json\/wp\/v2\/posts\/13917\/revisions"}],"predecessor-version":[{"id":13989,"href":"https:\/\/renouveau-democratie.eu\/fr\/wp-json\/wp\/v2\/posts\/13917\/revisions\/13989"}],"wp:attachment":[{"href":"https:\/\/renouveau-democratie.eu\/fr\/wp-json\/wp\/v2\/media?parent=13917"}],"wp:term":[{"taxonomy":"category","embeddable":true,"href":"https:\/\/renouveau-democratie.eu\/fr\/wp-json\/wp\/v2\/categories?post=13917"},{"taxonomy":"post_tag","embeddable":true,"href":"https:\/\/renouveau-democratie.eu\/fr\/wp-json\/wp\/v2\/tags?post=13917"}],"curies":[{"name":"wp","href":"https:\/\/api.w.org\/{rel}","templated":true}]}}