{"id":13611,"date":"2015-10-21T11:18:54","date_gmt":"2015-10-21T10:18:54","guid":{"rendered":"\/?p=13611"},"modified":"2015-10-26T11:25:04","modified_gmt":"2015-10-26T10:25:04","slug":"13611","status":"publish","type":"post","link":"https:\/\/renouveau-democratie.eu\/fr\/2015\/10\/13611\/","title":{"rendered":"T\u00e9l\u00e9travail : Enfin un droit reconnu pour tous"},"content":{"rendered":"<p><a href=\"http:\/\/\/wp-content\/uploads\/2015\/10\/T\u00e9l\u00e9travail.jpg\"><img loading=\"lazy\" decoding=\"async\" class=\" wp-image-13616 alignleft\" title=\"T\u00e9l\u00e9travail\" src=\"\/wp-content\/uploads\/2015\/10\/T\u00e9l\u00e9travail.jpg\" alt=\"\" width=\"200\" height=\"150\" \/><\/a><\/p>\n<p><span style=\"color: #339966;\"><strong>R<\/strong><span style=\"color: #ff0000;\"><strong>&amp;<\/strong><\/span><strong>D <\/strong><\/span><span style=\"color: #000000; font-size: small;\">salue la pr\u00e9sentation du nouveau projet de d\u00e9cision de la Commission sur le t\u00e9l\u00e9travail et remercie la Vice-Pr\u00e9sidente Mme Kristalina Georgieva pour la mise en \u0153uvre de sa politique de modernisation des conditions de travail. <\/span><\/p>\n<p><span style=\"color: #000000; font-size: small;\">En effet, pour r\u00e9tablir la confiance et la motivation du personnel, il est essentiel qu&rsquo;aux promesses suivent les actes. <\/span><\/p>\n<p><span style=\"color: #ff0000;\"><strong><em>Des avanc\u00e9es importantes \u2026<\/em><\/strong><\/span><\/p>\n<p><span style=\"font-size: small;\"><span style=\"color: #000000;\">Or, dans ce projet, le <strong>t\u00e9l\u00e9travail devient un droit reconnu<\/strong><\/span><\/span><span style=\"color: #000000; font-size: small;\"> pour tous les fonctionnaires et agents travaillant dans l&rsquo;Institution* et n&rsquo;est plus un sch\u00e9ma volontaire applicable ou non dans une DG en relevant enti\u00e8rement de la bonne volont\u00e9 des sup\u00e9rieurs hi\u00e9rarchiques. <\/span><\/p>\n<p><span style=\"font-size: small;\"><span style=\"color: #000000;\">C&rsquo;est une <strong>avanc\u00e9e ind\u00e9niable<\/strong><\/span><\/span><span style=\"color: #000000; font-size: small;\">. <\/span><\/p>\n<p><span style=\"color: #000000; font-size: small;\">Il existe deux types de t\u00e9l\u00e9travail : structurel et occasionnel. <\/span><\/p>\n<p><strong><span style=\"color: #000000; font-size: small;\">Plus de flexibilit\u00e9<\/span><\/strong><span style=\"font-size: small;\"><span style=\"color: #000000;\"> est encore introduite dans le <strong>t\u00e9l\u00e9travail structurel<\/strong><\/span><\/span><span style=\"color: #000000; font-size: small;\"> car il sera possible de planifier sur deux se\u00admaines un sch\u00e9ma de 2 jours sur la premi\u00e8re semaine et 3 jours sur la seconde ou, respectivement, 3 et 2 jours. <\/span><\/p>\n<p>En ce qui concerne le <strong>t\u00e9l\u00e9travail occasionnel<\/strong>, au lieu de 30 jours annuels, le projet de d\u00e9cision pr\u00e9voit le <strong>double\u00adment avec 60 jours par an<\/strong>. Normalement, cette formule de travail ne peut exc\u00e9der 2,5 jours par semaine, mais par d\u00e9rogation il sera possible de t\u00e9l\u00e9travailler au-del\u00e0 des 2,5 jours dans des cas particuliers.<\/p>\n<p><strong><em><span style=\"color: #ff0000;\">\u2026les axes de la n\u00e9gociation de <span style=\"color: #339966;\">R<\/span>&amp;<span style=\"color: #339966;\">D<\/span>\u2026 <\/span> <\/em><\/strong><\/p>\n<p><span style=\"color: #000000; font-size: small;\">Dans la n\u00e9gociation pour l&rsquo;adoption du projet de d\u00e9cision, <\/span><span style=\"color: #339966;\"><strong>R<\/strong><span style=\"color: #ff0000;\"><strong>&amp;<\/strong><\/span><strong>D <\/strong><\/span><span style=\"font-size: small;\">veillera \u00e0 ce que <\/span><span style=\"font-size: small;\"><span style=\"color: #000000;\">ces dispositifs de flexibilit\u00e9 ne deviennent un outil pour l&rsquo;OIB dans sa politique immobi\u00adli\u00e8re pour \u00e9pargner les m\u00b2 de b\u00e2timents avec l&rsquo;imposition d&rsquo;<em>open space <\/em><\/span><\/span><span style=\"color: #000000; font-size: small;\">et de <\/span><em><span style=\"color: #000000; font-size: small;\">hot desking<\/span><\/em><span style=\"color: #000000; font-size: small;\">. <\/span><span style=\"color: #000000; font-size: small;\">De m\u00eame, <\/span><span style=\"color: #339966;\"><strong>R<\/strong><span style=\"color: #ff0000;\"><strong>&amp;<\/strong><\/span><strong>D <\/strong><\/span><span style=\"color: #000000; font-size: small;\">veillera aussi \u00e0 ce que ce dispositif ne soit pas non plus un outil de management pour le service m\u00e9dical qui aurait la possibilit\u00e9 d&rsquo;y recourir dans certaines situations. Le t\u00e9l\u00e9travail doit rester un outil au service des coll\u00e8gues. <\/span><\/p>\n<p><span style=\"color: #ff0000;\"><strong><em>&#8230;la n\u00e9cessit\u00e9 et l&rsquo;urgence d&rsquo;assurer une application harmonis\u00e9e \u00e0 travers les DG\u2026<\/em><\/strong><\/span><\/p>\n<p><span style=\"color: #000000; font-size: small;\">Toutefois, les avanc\u00e9es pr\u00e9vues par le projet pr\u00e9sent\u00e9 aux syndicats ainsi que celles que <\/span><span style=\"color: #339966;\"><strong>R<\/strong><span style=\"color: #ff0000;\"><strong>&amp;<\/strong><\/span><strong>D <\/strong><\/span><span style=\"font-size: small;\"><span style=\"color: #000000;\">compte obtenir au cours de la n\u00e9gociation risqueraient de rester pure\u00adment virtuelles si, \u00e0 l&rsquo;avenir, les services continuent d&rsquo;interpr\u00e9ter et d&rsquo;appliquer les r\u00e8gles selon les go\u00fbts, les convictions et parfois m\u00eame les caprices de chaque Di\u00adrecteur g\u00e9n\u00e9ral ou membre de l&rsquo;encadrement en inventant sa propre politique du <\/span>personnel. Ceci avec <span style=\"color: #000000;\">une Direction g\u00e9n\u00e9rale en charge des ressources humaines qui a d\u00e9sormais totalement d\u00e9missionn\u00e9 de son r\u00f4le et qui s&rsquo;est montr\u00e9e incapable d&rsquo;assurer une quelconque harmonisation des pratiques, de s&rsquo;opposer aux d\u00e9rapages dans les DG et de donner une r\u00e9ponse ad\u00e9quate aux plaintes justifi\u00e9es des coll\u00e8gues. <\/span><\/span><\/p>\n<p><strong><span style=\"color: #000000; font-size: small;\">Dans ce dossier, comme dans tous les autres relevant de la gestion du personnel, pour mettre fin \u00e0 la cacophonie actuelle, <\/span><\/strong><span style=\"color: #339966;\"><strong>R<\/strong><span style=\"color: #ff0000;\"><strong>&amp;<\/strong><\/span><strong>D <\/strong><\/span><strong><span style=\"color: #000000; font-size: small;\">demande \u00e0 la Vice-Pr\u00e9sidente de faire en sorte que la DG HR r\u00e9cup\u00e8re enfin sa mission de gardienne de notre statut en assurant l&rsquo;homog\u00e9n\u00e9it\u00e9 et l&rsquo;\u00e9quit\u00e9 de sa mise en \u0153uvre au sein de notre institution. <\/span><\/strong><\/p>\n<p>* hormis des fonctions sp\u00e9cifiques telles que r\u00e9ception du public, chauffeur, agents de s\u00e9curit\u00e9, pu\u00e9ricultrices, et les personnes travaillant dans les d\u00e9l\u00e9gations qui d\u00e9pendent de la d\u00e9cision sur le t\u00e9l\u00e9travail du SEAE.<\/p>\n","protected":false},"excerpt":{"rendered":"<p>R&amp;D salue la pr\u00e9sentation du nouveau projet de d\u00e9cision de la Commission sur le t\u00e9l\u00e9travail et remercie la Vice-Pr\u00e9sidente Mme Kristalina Georgieva pour la mise en \u0153uvre de sa politique de modernisation des conditions de travail. En effet, pour r\u00e9tablir la confiance et la motivation du personnel, il est essentiel qu&rsquo;aux promesses suivent les actes. [&hellip;]<\/p>\n","protected":false},"author":19,"featured_media":0,"comment_status":"closed","ping_status":"closed","sticky":false,"template":"","format":"standard","meta":{"footnotes":""},"categories":[40,15,20,16],"tags":[],"_links":{"self":[{"href":"https:\/\/renouveau-democratie.eu\/fr\/wp-json\/wp\/v2\/posts\/13611"}],"collection":[{"href":"https:\/\/renouveau-democratie.eu\/fr\/wp-json\/wp\/v2\/posts"}],"about":[{"href":"https:\/\/renouveau-democratie.eu\/fr\/wp-json\/wp\/v2\/types\/post"}],"author":[{"embeddable":true,"href":"https:\/\/renouveau-democratie.eu\/fr\/wp-json\/wp\/v2\/users\/19"}],"replies":[{"embeddable":true,"href":"https:\/\/renouveau-democratie.eu\/fr\/wp-json\/wp\/v2\/comments?post=13611"}],"version-history":[{"count":5,"href":"https:\/\/renouveau-democratie.eu\/fr\/wp-json\/wp\/v2\/posts\/13611\/revisions"}],"predecessor-version":[{"id":13615,"href":"https:\/\/renouveau-democratie.eu\/fr\/wp-json\/wp\/v2\/posts\/13611\/revisions\/13615"}],"wp:attachment":[{"href":"https:\/\/renouveau-democratie.eu\/fr\/wp-json\/wp\/v2\/media?parent=13611"}],"wp:term":[{"taxonomy":"category","embeddable":true,"href":"https:\/\/renouveau-democratie.eu\/fr\/wp-json\/wp\/v2\/categories?post=13611"},{"taxonomy":"post_tag","embeddable":true,"href":"https:\/\/renouveau-democratie.eu\/fr\/wp-json\/wp\/v2\/tags?post=13611"}],"curies":[{"name":"wp","href":"https:\/\/api.w.org\/{rel}","templated":true}]}}