{"id":12234,"date":"2015-02-12T22:18:49","date_gmt":"2015-02-12T21:18:49","guid":{"rendered":"\/?p=12234"},"modified":"2015-02-19T22:34:26","modified_gmt":"2015-02-19T21:34:26","slug":"rd-gerons-ensemble-le-stress","status":"publish","type":"post","link":"https:\/\/renouveau-democratie.eu\/fr\/2015\/02\/rd-gerons-ensemble-le-stress\/","title":{"rendered":"R&#038;D &#8211; Bien-\u00eatre au travail &#8211; Comment g\u00e9rer le stress?"},"content":{"rendered":"<p>Comme vous le savez, <span style=\"color: #339966;\"><strong>R<\/strong><\/span><strong><\/strong><span style=\"color: #ff0000;\"><strong>&amp;<\/strong><\/span><strong><\/strong><span style=\"color: #339966;\"><strong>D<\/strong><\/span><strong><\/strong> est soucieux du bien-\u00eatre des coll\u00e8gues dans la vie professionnelle et a men\u00e9 l&rsquo;ann\u00e9e derni\u00e8re <a href=\"\/?page_id=10974\">une s\u00e9rie de conf\u00e9rences<\/a> \u00a0sur ce sujet. <span style=\"color: #339966;\"><strong>R<\/strong><strong><\/strong><span style=\"color: #ff0000;\"><strong>&amp;<\/strong><\/span><strong><\/strong><strong>D<\/strong><\/span><strong><\/strong> poursuit son action et vous propose une s\u00e9rie d&rsquo;\u00e9v\u00e9nements.<\/p>\n<p>La semaine du 23 f\u00e9vrier commencera avec :<\/p>\n<p><span style=\"color: #ff0000;\"><strong>Le stress et le cerveau<\/strong><\/span><\/p>\n<p>une conf\u00e9rence qui pourra vous aider \u00e0 comprendre les m\u00e9canismes c\u00e9r\u00e9braux qui induisent les prises de d\u00e9cision et la gestion des comportements humains en stress.<\/p>\n<p>Cette conf\u00e9rence sera donn\u00e9e par Mme <span style=\"color: #ff0000;\"><strong>Beata CNUDDE<\/strong><\/span>, coach professionnel certifi\u00e9 (membre d&rsquo;ICF) et praticienne de l&rsquo;approche neurocognitive et comportementale (Institute of NeuroCognitivism). Elle a une formation macro-\u00e9conomique et une exp\u00e9rience en gestion. Apr\u00e8s son dipl\u00f4me en \u00e9conomie et avoir obtenu un doctorat en gestion et finances, elle a travaill\u00e9 dans le monde de la finance dans l&rsquo;Union europ\u00e9enne, dans les secteurs public et priv\u00e9, aussi bien en tant qu&#8217;employ\u00e9e que\u00a0manager. S&rsquo;appuyant sur cette large exp\u00e9rience et sur ses connaissances, et d\u00e9sireuse de se d\u00e9velopper professionnellement, Beata a finalement orient\u00e9 sa carri\u00e8re sur la psychologie cognitive et sociale, devenant coach et formatrice et r\u00e9pondant ainsi \u00e0 sa volont\u00e9 d&rsquo;aider les autres.<\/p>\n<p>(<a href=\"http:\/\/www.suninus.eu\">www.suninus.eu<\/a>).<\/p>\n<p>Vous pouvez consulter le programme de la conf\u00e9rence <a href=\"\/wp-content\/uploads\/2015\/02\/Stressbrain.odp\">ici<\/a> .<\/p>\n<p align=\"center\"><span style=\"color: #ff0000;\"><strong>Lundi 23 f\u00e9vrier de 12H45 \u00e0 14H15<\/strong><\/span><\/p>\n<p align=\"center\"><span style=\"color: #ff0000;\">Grande salle du CCP, Loi 80, 2<sup>\u00e8me<\/sup> \u00e9tage<\/span><\/p>\n","protected":false},"excerpt":{"rendered":"<p>Comme vous le savez, R&amp;D est soucieux du bien-\u00eatre des coll\u00e8gues dans la vie professionnelle et a men\u00e9 l&rsquo;ann\u00e9e derni\u00e8re une s\u00e9rie de conf\u00e9rences \u00a0sur ce sujet. R&amp;D poursuit son action et vous propose une s\u00e9rie d&rsquo;\u00e9v\u00e9nements. La semaine du 23 f\u00e9vrier commencera avec : Le stress et le cerveau une conf\u00e9rence qui pourra vous [&hellip;]<\/p>\n","protected":false},"author":19,"featured_media":0,"comment_status":"closed","ping_status":"closed","sticky":false,"template":"","format":"standard","meta":{"footnotes":""},"categories":[110,14],"tags":[],"_links":{"self":[{"href":"https:\/\/renouveau-democratie.eu\/fr\/wp-json\/wp\/v2\/posts\/12234"}],"collection":[{"href":"https:\/\/renouveau-democratie.eu\/fr\/wp-json\/wp\/v2\/posts"}],"about":[{"href":"https:\/\/renouveau-democratie.eu\/fr\/wp-json\/wp\/v2\/types\/post"}],"author":[{"embeddable":true,"href":"https:\/\/renouveau-democratie.eu\/fr\/wp-json\/wp\/v2\/users\/19"}],"replies":[{"embeddable":true,"href":"https:\/\/renouveau-democratie.eu\/fr\/wp-json\/wp\/v2\/comments?post=12234"}],"version-history":[{"count":3,"href":"https:\/\/renouveau-democratie.eu\/fr\/wp-json\/wp\/v2\/posts\/12234\/revisions"}],"predecessor-version":[{"id":12237,"href":"https:\/\/renouveau-democratie.eu\/fr\/wp-json\/wp\/v2\/posts\/12234\/revisions\/12237"}],"wp:attachment":[{"href":"https:\/\/renouveau-democratie.eu\/fr\/wp-json\/wp\/v2\/media?parent=12234"}],"wp:term":[{"taxonomy":"category","embeddable":true,"href":"https:\/\/renouveau-democratie.eu\/fr\/wp-json\/wp\/v2\/categories?post=12234"},{"taxonomy":"post_tag","embeddable":true,"href":"https:\/\/renouveau-democratie.eu\/fr\/wp-json\/wp\/v2\/tags?post=12234"}],"curies":[{"name":"wp","href":"https:\/\/api.w.org\/{rel}","templated":true}]}}