{"id":11841,"date":"2014-10-08T09:39:28","date_gmt":"2014-10-08T08:39:28","guid":{"rendered":"\/?p=11841"},"modified":"2014-10-09T09:49:29","modified_gmt":"2014-10-09T08:49:29","slug":"exercice-de-certification-2014-est-ce-que-la-dg-hr-parle-encore-a-la-dg-hr-2","status":"publish","type":"post","link":"https:\/\/renouveau-democratie.eu\/fr\/2014\/10\/exercice-de-certification-2014-est-ce-que-la-dg-hr-parle-encore-a-la-dg-hr-2\/","title":{"rendered":"Exercice de certification 2014 : est-ce que la DG HR parle encore \u00e0 la &#8230;. DG HR ?"},"content":{"rendered":"<p><span style=\"color: #339966;\"><strong>R<span style=\"color: #ff0000;\">&amp;<\/span>D<\/strong> <\/span>s&rsquo;est plaint \u00e0 maintes reprises de l&rsquo;absence de dialogue social avec la DG HR ces derniers mois. Il semble cependant qu&rsquo;une nouvelle \u00e9tape ait \u00e9t\u00e9 franchie r\u00e9cemment: la DG HR ne parle plus &#8230; \u00e0 la DG HR ! En voici un exemple&#8230;.<br \/>\nLes exercices de certification \u00e9taient traditionnellement lanc\u00e9s en fin d&rsquo;ann\u00e9e, avec une p\u00e9riode de candidature qui s&rsquo;\u00e9tendait apr\u00e8s la publication de l&rsquo;annonce des promotions: cela permettait aux coll\u00e8gues qui \u00e9taient promus au grade AST5 lors de l&rsquo;exercice de promotion en cours de candidater \u00e0 l&rsquo;exercice de certification et ainsi de satisfaire \u00e0 une des conditions d&rsquo;\u00e9ligibilit\u00e9 (grade minimum AST5 au plus tard le jour de cl\u00f4ture de l&rsquo;appel \u00e0 candidatures, sans exigence d&rsquo;anciennet\u00e9 dans le grade).<br \/>\nOr l&rsquo;exercice de certification 2014 a \u00e9t\u00e9 lanc\u00e9 le 30 Septembre (voir <a href=\"https:\/\/myintracomm.ec.europa.eu\/infoadm\/fr\/2014\/Pages\/ia14035.aspx\">information administrative<\/a>) et \u00e0 la stupeur de nombreux coll\u00e8gues et de <strong><span style=\"color: #339966;\">R<span style=\"color: #ff0000;\">&amp;<\/span>D<\/span><\/strong>, la p\u00e9riode de candidature se cl\u00f4ture \u00e0 23:59 le 31 octobre 2014 ! Soit juste quelques jours avant la publication pr\u00e9vue de l&rsquo;information administrative qui cl\u00f4ture l&rsquo;exercice de promotion ! De facto, tous les coll\u00e8gues qui ont \u00e9t\u00e9 inform\u00e9s qu&rsquo;ils sont propos\u00e9s \u00e0 la promotion au grade AST5, qui seront promus officiellement sans doute aux alentours du 8 novembre avec effet r\u00e9troactif au 1 janvier 2014, ne sont pas \u00e9ligibles puisqu&rsquo;ils n&rsquo;auront pas encore la confirmation officielle de leur promotion au 31 octobre !<br \/>\nQue va faire <strong><span style=\"color: #339966;\">R<span style=\"color: #ff0000;\">&amp;<\/span>D<\/span><\/strong> ?<br \/>\n\u2022 <strong><span style=\"color: #339966;\">R<span style=\"color: #ff0000;\">&amp;<\/span>D<\/span><\/strong> conseille, \u00e0 tous les coll\u00e8gues dans cette situation, d&rsquo;introduire un dossier complet de candidature et d&rsquo;indiquer qu&rsquo;ils auront le grade requis \u00e0 la date de s\u00e9lection par leur Direction g\u00e9n\u00e9rale.<br \/>\n\u2022 <strong><span style=\"color: #339966;\">R<span style=\"color: #ff0000;\">&amp;<\/span>D<\/span><\/strong> demande \u00e0 la DG HR d&rsquo;\u00e9tendre la p\u00e9riode de candidature au 15 Novembre afin que tous ces coll\u00e8gues soient \u00e9ligibles<\/p>\n<p>R&amp;D tient \u00e9galement \u00e0 informer la DG HR qu&rsquo;il existe dans Syslog plusieurs formations (organis\u00e9es par &#8230; la DG HR) qui sont destin\u00e9es \u00e0 am\u00e9liorer la communication interne: il reste encore quelques places disponibles&#8230;<\/p>\n","protected":false},"excerpt":{"rendered":"<p>R&amp;D s&rsquo;est plaint \u00e0 maintes reprises de l&rsquo;absence de dialogue social avec la DG HR ces derniers mois. Il semble cependant qu&rsquo;une nouvelle \u00e9tape ait \u00e9t\u00e9 franchie r\u00e9cemment: la DG HR ne parle plus &#8230; \u00e0 la DG HR ! En voici un exemple&#8230;. Les exercices de certification \u00e9taient traditionnellement lanc\u00e9s en fin d&rsquo;ann\u00e9e, avec [&hellip;]<\/p>\n","protected":false},"author":19,"featured_media":0,"comment_status":"closed","ping_status":"closed","sticky":false,"template":"","format":"standard","meta":{"footnotes":""},"categories":[8,40],"tags":[],"_links":{"self":[{"href":"https:\/\/renouveau-democratie.eu\/fr\/wp-json\/wp\/v2\/posts\/11841"}],"collection":[{"href":"https:\/\/renouveau-democratie.eu\/fr\/wp-json\/wp\/v2\/posts"}],"about":[{"href":"https:\/\/renouveau-democratie.eu\/fr\/wp-json\/wp\/v2\/types\/post"}],"author":[{"embeddable":true,"href":"https:\/\/renouveau-democratie.eu\/fr\/wp-json\/wp\/v2\/users\/19"}],"replies":[{"embeddable":true,"href":"https:\/\/renouveau-democratie.eu\/fr\/wp-json\/wp\/v2\/comments?post=11841"}],"version-history":[{"count":7,"href":"https:\/\/renouveau-democratie.eu\/fr\/wp-json\/wp\/v2\/posts\/11841\/revisions"}],"predecessor-version":[{"id":11852,"href":"https:\/\/renouveau-democratie.eu\/fr\/wp-json\/wp\/v2\/posts\/11841\/revisions\/11852"}],"wp:attachment":[{"href":"https:\/\/renouveau-democratie.eu\/fr\/wp-json\/wp\/v2\/media?parent=11841"}],"wp:term":[{"taxonomy":"category","embeddable":true,"href":"https:\/\/renouveau-democratie.eu\/fr\/wp-json\/wp\/v2\/categories?post=11841"},{"taxonomy":"post_tag","embeddable":true,"href":"https:\/\/renouveau-democratie.eu\/fr\/wp-json\/wp\/v2\/tags?post=11841"}],"curies":[{"name":"wp","href":"https:\/\/api.w.org\/{rel}","templated":true}]}}