{"id":11543,"date":"2014-09-19T10:25:27","date_gmt":"2014-09-19T09:25:27","guid":{"rendered":"\/?p=11543"},"modified":"2014-09-19T14:44:16","modified_gmt":"2014-09-19T13:44:16","slug":"rd-vous-invite-a-une-conference-sur-le-harcelement-au-travail","status":"publish","type":"post","link":"https:\/\/renouveau-democratie.eu\/fr\/2014\/09\/rd-vous-invite-a-une-conference-sur-le-harcelement-au-travail\/","title":{"rendered":"R&#038;D vous invite \u00e0 une conf\u00e9rence sur le HARC\u00c8LEMENT au travail"},"content":{"rendered":"<p style=\"text-align: center;\"><span style=\"font-family: Calibri;\"><span style=\"color: #339966;\"><strong><em>\u00a0\u00a0\u00a0\u00a0\u00a0\u00a0\u00a0\u00a0\u00a0\u00a0\u00a0\u00a0\u00a0\u00a0\u00a0\u00a0\u00a0\u00a0\u00a0\u00a0\u00a0\u00a0\u00a0\u00a0\u00a0\u00a0\u00a0\u00a0\u00a0\u00a0\u00a0 R<\/em><\/strong><span style=\"color: #ff0000;\"><strong><em>&amp;<\/em><\/strong><\/span><\/span><strong><em><span style=\"color: #339966;\">D<\/span> vous invite <\/em><\/strong><\/span><span style=\"font-family: Calibri;\"><strong><em>\u00e0 une conf\u00e9rence<\/em><\/strong><strong><em><\/em><\/strong><\/span><\/p>\n<p align=\"center\"><strong><em><span style=\"font-family: Calibri;\">sur<\/span><\/em><\/strong><\/p>\n<p align=\"center\"><strong><em><span style=\"font-family: Calibri;\">le HARC\u00c8LEMENT au travail<\/span><\/em><\/strong><\/p>\n<p align=\"center\"><strong><em>par le Docteur Marie-France Hirigoyen<\/em><\/strong><\/p>\n<p style=\"text-align: left;\" align=\"center\"><span style=\"color: #000000;\"><span style=\"font-family: Calibri;\">Les institutions europ\u00e9ennes, en perp\u00e9tuelle \u00e9volution notamment au travers de r\u00e9formes et de restructurations p\u00e9riodiques, parfois h\u00e2tives, constituent\u00a0 un terrain particuli\u00e8rement fertile pour le harc\u00e8lement.<\/span><\/span><\/p>\n<p style=\"text-align: left;\" align=\"center\"><span style=\"font-family: Calibri;\"><span style=\"color: #339966;\"><strong><em>R<\/em><\/strong><\/span><span style=\"color: #ff0000;\"><strong><em>&amp;<\/em><\/strong><\/span><span style=\"color: #339966;\"><strong><em>D<\/em><\/strong><\/span> <span style=\"color: #000000;\">a toujours insist\u00e9 sur l&rsquo;importance du respect, de la dignit\u00e9 et de la courtoisie dans l&rsquo;environnement de travail et r\u00e9it\u00e8re sa position de \u00ab\u00a0tol\u00e9rance z\u00e9ro\u00a0\u00bb face au harc\u00e8lement. <\/span><\/span><\/p>\n<p style=\"text-align: left;\" align=\"center\"><em><span style=\"color: #000000;\"><span style=\"font-family: Calibri;\">\u00ab\u00a0Le harc\u00e8lement moral au travail se d\u00e9finit comme toute conduite abusive (geste, parole, comportement, attitude, etc.) qui porte atteinte par sa r\u00e9p\u00e9tition ou sa syst\u00e9matisation \u00e0 la dignit\u00e9 ou \u00e0 l&rsquo;int\u00e9grit\u00e9 psychique ou physique d&rsquo;une personne, mettant en p\u00e9ril l&#8217;emploi de celle-ci ou d\u00e9gradant le climat de travail.<\/span><\/span><\/em><\/p>\n<p style=\"text-align: left;\" align=\"center\"><em><span style=\"color: #000000;\"><span style=\"font-family: Calibri;\">Il s&rsquo;agit d&rsquo;une violence \u00e0 petite touches, qui ne se rep\u00e8re pas, mais qui est pourtant tr\u00e8s destructrice. Chaque attaque prise s\u00e9par\u00e9ment n&rsquo;est pas vraiment grave, c&rsquo;est l&rsquo;effet cumulatif des microtraumatismes fr\u00e9quents et r\u00e9p\u00e9t\u00e9s qui constitue l&rsquo;agression\u00a0\u00bb.<\/span><\/span><\/em><\/p>\n<p style=\"text-align: left;\" align=\"center\"><span style=\"color: #000000;\"><span style=\"font-family: Calibri;\">Suite \u00e0 son premier livre en 1998, \u00ab\u00a0<em>Le harc\u00e8lement moral, la violence perverse au quotidien<\/em>\u00ab\u00a0, le terme <em>\u00ab\u00a0harc\u00e8lement moral\u00a0\u00bb<\/em> a \u00e9t\u00e9 reconnu en France. <\/span><\/span><\/p>\n<p><span style=\"color: #ff0000; font-size: small;\"><span style=\"font-family: Calibri;\"><em><strong><em>Marie-France Hirigoyen<\/em><\/strong><\/em><\/span><\/span><\/p>\n<p><span style=\"font-size: small;\"><span style=\"font-family: Calibri;\"><em>Docteur en m\u00e9decine depuis 1978, psychiatre,\u00a0 psychoth\u00e9rapeute familiale et victimologue, et connue pour ses succ\u00e8s d&rsquo;\u00e9dition.<\/em><\/span><\/span><\/p>\n<pre style=\"text-align: left;\"><span style=\"font-family: Calibri;\"><strong><img loading=\"lazy\" decoding=\"async\" class=\"wp-image-11026 alignleft\" title=\"Marie-France-Hirigoyen\" src=\"\/wp-content\/uploads\/2014\/09\/Marie-France-Hirigoyen.jpg\" alt=\"\" width=\"355\" height=\"186\" \/> <\/strong><\/span><\/pre>\n<p><strong><em><span style=\"font-size: small;\"><span style=\"color: #000000;\"><span style=\"font-family: Calibri;\">\u00a0\u00a0\u00a0\u00a0\u00a0\u00a0\u00a0\u00a0\u00a0\u00a0<\/span><\/span><\/span><\/em><\/strong><\/p>\n<p><span style=\"font-size: small;\"><span style=\"font-family: Calibri;\"><span style=\"color: #ff0000;\"><strong><em>Parmi les ouvrages de Marie-France Hirigoyen<\/em><\/strong><\/span><\/span><\/span><br \/>\n&#8211; <em>Le Harc\u00e8lement Moral : la violence perverse au q<\/em><em>uotidien (1998)<\/em><br \/>\n&#8211; <em>Malaise dans le travail, harc\u00e8lement moral : d\u00e9m\u00ealer l<\/em><em>e vrai du faux (2001)<\/em><br \/>\n&#8211; <em>Les nouvelles solitudes (2007)<\/em><br \/>\n&#8211; <em>Abus de faiblesse et autres manipulations (2012) <\/em><br \/>\n&#8211; <em>Que sais-je : le harc\u00e8lement moral au travail (2014)<\/em><\/p>\n<p style=\"text-align: center;\" align=\"center\"><span style=\"color: #ff0000; font-family: Calibri;\"><strong><em>Mardi, 23 septembre 2014<\/em><\/strong><\/span><\/p>\n<p style=\"text-align: center;\" align=\"center\"><span style=\"color: #ff0000;\"><strong><em><span style=\"font-family: Calibri;\">12h30-14h30<\/span><\/em><\/strong><\/span><\/p>\n<p style=\"text-align: center;\" align=\"center\"><span style=\"color: #ff0000;\"><strong><em><span style=\"font-family: Calibri;\">Conseil, Justus Lipsius &#8211; Salle de Presse<\/span><\/em><\/strong><\/span><\/p>\n<p style=\"text-align: left;\" align=\"center\"><span style=\"color: #339966; font-family: Calibri;\"><strong>*<\/strong><strong><em> l&rsquo;interpr\u00e9tation sera assur\u00e9e en fran\u00e7ais et en anglais<\/em><\/strong><\/span><\/p>\n<p style=\"text-align: left;\" align=\"center\"><span style=\"color: #ff0000;\"><strong><em><span style=\"font-family: Calibri;\"><strong>*<em> pour des questions de logistique, veuillez confirmer votre pr\u00e9sence par retour de mail<\/em><\/strong><\/span><\/em><\/strong><\/span><\/p>\n<p style=\"text-align: left;\" align=\"center\"><a href=\"mailto:RD.messages@consilium.europa.eu\"><span style=\"color: #0000ff;\">RD.messages@consilium.europa.eu<\/span><\/a><\/p>\n","protected":false},"excerpt":{"rendered":"<p>\u00a0\u00a0\u00a0\u00a0\u00a0\u00a0\u00a0\u00a0\u00a0\u00a0\u00a0\u00a0\u00a0\u00a0\u00a0\u00a0\u00a0\u00a0\u00a0\u00a0\u00a0\u00a0\u00a0\u00a0\u00a0\u00a0\u00a0\u00a0\u00a0\u00a0\u00a0 R&amp;D vous invite \u00e0 une conf\u00e9rence sur le HARC\u00c8LEMENT au travail par le Docteur Marie-France Hirigoyen Les institutions europ\u00e9ennes, en perp\u00e9tuelle \u00e9volution notamment au travers de r\u00e9formes et de restructurations p\u00e9riodiques, parfois h\u00e2tives, constituent\u00a0 un terrain particuli\u00e8rement fertile pour le harc\u00e8lement. R&amp;D a toujours insist\u00e9 sur l&rsquo;importance du respect, de la dignit\u00e9 et de [&hellip;]<\/p>\n","protected":false},"author":19,"featured_media":0,"comment_status":"closed","ping_status":"closed","sticky":false,"template":"","format":"standard","meta":{"footnotes":""},"categories":[110,15,14],"tags":[],"_links":{"self":[{"href":"https:\/\/renouveau-democratie.eu\/fr\/wp-json\/wp\/v2\/posts\/11543"}],"collection":[{"href":"https:\/\/renouveau-democratie.eu\/fr\/wp-json\/wp\/v2\/posts"}],"about":[{"href":"https:\/\/renouveau-democratie.eu\/fr\/wp-json\/wp\/v2\/types\/post"}],"author":[{"embeddable":true,"href":"https:\/\/renouveau-democratie.eu\/fr\/wp-json\/wp\/v2\/users\/19"}],"replies":[{"embeddable":true,"href":"https:\/\/renouveau-democratie.eu\/fr\/wp-json\/wp\/v2\/comments?post=11543"}],"version-history":[{"count":35,"href":"https:\/\/renouveau-democratie.eu\/fr\/wp-json\/wp\/v2\/posts\/11543\/revisions"}],"predecessor-version":[{"id":11546,"href":"https:\/\/renouveau-democratie.eu\/fr\/wp-json\/wp\/v2\/posts\/11543\/revisions\/11546"}],"wp:attachment":[{"href":"https:\/\/renouveau-democratie.eu\/fr\/wp-json\/wp\/v2\/media?parent=11543"}],"wp:term":[{"taxonomy":"category","embeddable":true,"href":"https:\/\/renouveau-democratie.eu\/fr\/wp-json\/wp\/v2\/categories?post=11543"},{"taxonomy":"post_tag","embeddable":true,"href":"https:\/\/renouveau-democratie.eu\/fr\/wp-json\/wp\/v2\/tags?post=11543"}],"curies":[{"name":"wp","href":"https:\/\/api.w.org\/{rel}","templated":true}]}}