{"id":11324,"date":"2014-07-09T14:51:22","date_gmt":"2014-07-09T13:51:22","guid":{"rendered":"\/?p=11324"},"modified":"2014-07-09T15:05:49","modified_gmt":"2014-07-09T14:05:49","slug":"art-90-pour-le-blocage-des-carrieres-ast-9-et-ad12-13","status":"publish","type":"post","link":"https:\/\/renouveau-democratie.eu\/fr\/2014\/07\/art-90-pour-le-blocage-des-carrieres-ast-9-et-ad12-13\/","title":{"rendered":"Art. 90 pour le blocage des carri\u00e8res AST9 et AD12 \/13"},"content":{"rendered":"<p>&nbsp;<\/p>\n<p style=\"text-align: center;\"><span style=\"color: #ff0000;\"><strong>Chers Coll\u00e8gues,<\/strong><\/span><\/p>\n<p style=\"text-align: justify;\">Vous \u00eates tr\u00e8s nombreux \u00e0 avoir introduit une r\u00e9clamation \u00ab blocage des carri\u00e8res \u00bb \u00e0 la fin du mois de mars 2014. Nous avions estim\u00e9, \u00e0 ce moment, qu\u2019il \u00e9tait n\u00e9cessaire, afin d\u2019\u00e9viter tout risque portant sur la recevabilit\u00e9 des r\u00e9clamations, d\u2019introduire directement contre l\u2019article 45 nouveau du statut une r\u00e9clamation sur pied de l\u2019article 90, \u00a7 2.<\/p>\n<p style=\"text-align: justify;\">Les fonctionnaires concern\u00e9s de la Commission ont constat\u00e9, \u00e0 partir du 14 avril 2014, qu\u2019une mention dans le dossier SYSPER 2 faisant \u00e9tat d\u2019un blocage des carri\u00e8res \u00e9tait apparue.<\/p>\n<p style=\"text-align: justify;\">Cette mention peut s\u2019analyser comme une d\u00e9cision \u00e0 port\u00e9e individuelle de l\u2019AIPN \u00e9galement attaquable. Par mesure de prudence, il nous para\u00eet indispensable d\u2019\u00e9galement introduire une r\u00e9clamation \u00e0 l\u2019encontre de cette d\u00e9cision.<\/p>\n<p style=\"text-align: justify;\">Nous attirons votre attention sur le fait qu\u2019une telle r\u00e9clamation doit \u00eatre d\u00e9pos\u00e9e <strong><span style=\"color: #ff0000; text-decoration: underline;\">au plus tard le 14 juillet 2014<\/span><\/strong>.<\/p>\n<p style=\"text-align: justify;\">En fonction de votre grade, cliquez sur le bon mod\u00e8le de r\u00e9clamation ainsi que le formulaire art. 90:<\/p>\n<ul>\n<li><strong><span style=\"color: #ff0000;\"><a href=\"\/wp-content\/uploads\/2014\/07\/r\u00e9clamation-blocage-carri\u00e8res-AD12-ou-AD13-version-Sysper-2-2-juille....docx\">AD12 et AD13<\/a> <\/span><\/strong><\/li>\n<li><strong><span style=\"color: #ff0000;\"><a href=\"\/wp-content\/uploads\/2014\/07\/r\u00e9clamation-blocage-carri\u00e8re-AST9-version-Sysper-21.docx\">AST9<\/a> <\/span><\/strong><\/li>\n<li><strong><span style=\"color: #ff0000;\"><a href=\"\/wp-content\/uploads\/2014\/07\/Formulaire-Art-90-en.doc\">Formulaire art. 90<\/a><\/span><\/strong><\/li>\n<\/ul>\n<p>Il vous suffit de remplir le mod\u00e8le ci-annex\u00e9, accompagn\u00e9 d\u2019un \u00ab print screen \u00bb de votre dossier SYSPER 2 et de l\u2019envoyer <span style=\"color: #ff0000;\"><strong>avant le 14 juillet prochain<\/strong> <\/span>\u00e0 la boite fonctionnelle <strong><span style=\"color: #ff0000;\">HR MAIL D2 accompagn\u00e9<\/span> <\/strong>du formulaire de transmission ci-dessus.<strong> <\/strong><\/p>\n<p>Merci encore pour votre confiance !<\/p>\n<p>&nbsp;<\/p>\n<p style=\"text-align: center;\"><a href=\"\/wp-content\/uploads\/2014\/07\/assemblage-logos.png\"><img loading=\"lazy\" decoding=\"async\" class=\"aligncenter  wp-image-11312\" title=\"assemblage logos\" src=\"\/wp-content\/uploads\/2014\/07\/assemblage-logos.png\" alt=\"\" width=\"644\" height=\"233\" srcset=\"https:\/\/renouveau-democratie.eu\/wp-content\/uploads\/2014\/07\/assemblage-logos.png 716w, https:\/\/renouveau-democratie.eu\/wp-content\/uploads\/2014\/07\/assemblage-logos-300x108.png 300w, https:\/\/renouveau-democratie.eu\/wp-content\/uploads\/2014\/07\/assemblage-logos-150x54.png 150w, https:\/\/renouveau-democratie.eu\/wp-content\/uploads\/2014\/07\/assemblage-logos-400x144.png 400w\" sizes=\"(max-width: 644px) 100vw, 644px\" \/><\/a><\/p>\n","protected":false},"excerpt":{"rendered":"<p>&nbsp; Chers Coll\u00e8gues, Vous \u00eates tr\u00e8s nombreux \u00e0 avoir introduit une r\u00e9clamation \u00ab blocage des carri\u00e8res \u00bb \u00e0 la fin du mois de mars 2014. Nous avions estim\u00e9, \u00e0 ce moment, qu\u2019il \u00e9tait n\u00e9cessaire, afin d\u2019\u00e9viter tout risque portant sur la recevabilit\u00e9 des r\u00e9clamations, d\u2019introduire directement contre l\u2019article 45 nouveau du statut une r\u00e9clamation sur [&hellip;]<\/p>\n","protected":false},"author":19,"featured_media":0,"comment_status":"closed","ping_status":"closed","sticky":false,"template":"","format":"standard","meta":{"footnotes":""},"categories":[8],"tags":[],"_links":{"self":[{"href":"https:\/\/renouveau-democratie.eu\/fr\/wp-json\/wp\/v2\/posts\/11324"}],"collection":[{"href":"https:\/\/renouveau-democratie.eu\/fr\/wp-json\/wp\/v2\/posts"}],"about":[{"href":"https:\/\/renouveau-democratie.eu\/fr\/wp-json\/wp\/v2\/types\/post"}],"author":[{"embeddable":true,"href":"https:\/\/renouveau-democratie.eu\/fr\/wp-json\/wp\/v2\/users\/19"}],"replies":[{"embeddable":true,"href":"https:\/\/renouveau-democratie.eu\/fr\/wp-json\/wp\/v2\/comments?post=11324"}],"version-history":[{"count":5,"href":"https:\/\/renouveau-democratie.eu\/fr\/wp-json\/wp\/v2\/posts\/11324\/revisions"}],"predecessor-version":[{"id":11333,"href":"https:\/\/renouveau-democratie.eu\/fr\/wp-json\/wp\/v2\/posts\/11324\/revisions\/11333"}],"wp:attachment":[{"href":"https:\/\/renouveau-democratie.eu\/fr\/wp-json\/wp\/v2\/media?parent=11324"}],"wp:term":[{"taxonomy":"category","embeddable":true,"href":"https:\/\/renouveau-democratie.eu\/fr\/wp-json\/wp\/v2\/categories?post=11324"},{"taxonomy":"post_tag","embeddable":true,"href":"https:\/\/renouveau-democratie.eu\/fr\/wp-json\/wp\/v2\/tags?post=11324"}],"curies":[{"name":"wp","href":"https:\/\/api.w.org\/{rel}","templated":true}]}}