{"id":11295,"date":"2014-07-02T15:45:39","date_gmt":"2014-07-02T14:45:39","guid":{"rendered":"\/?p=11295"},"modified":"2014-07-09T14:01:59","modified_gmt":"2014-07-09T13:01:59","slug":"rd-au-parlement-europeen","status":"publish","type":"post","link":"https:\/\/renouveau-democratie.eu\/fr\/2014\/07\/rd-au-parlement-europeen\/","title":{"rendered":"R&#038;D au Parlement Europ\u00e9en"},"content":{"rendered":"<h2 style=\"text-align: center;\"><a href=\"https:\/\/www.flickr.com\/photos\/renouveau-democratie\/sets\/72157645063023098\/\"><img loading=\"lazy\" decoding=\"async\" class=\"aligncenter  wp-image-11286\" title=\"Fotor0702154422\" src=\"\/wp-content\/uploads\/2014\/07\/Fotor0702154422.jpg\" alt=\"\" width=\"503\" height=\"379\" srcset=\"https:\/\/renouveau-democratie.eu\/wp-content\/uploads\/2014\/07\/Fotor0702154422-300x225.jpg 300w, https:\/\/renouveau-democratie.eu\/wp-content\/uploads\/2014\/07\/Fotor0702154422-150x112.jpg 150w, https:\/\/renouveau-democratie.eu\/wp-content\/uploads\/2014\/07\/Fotor0702154422-400x300.jpg 400w\" sizes=\"(max-width: 503px) 100vw, 503px\" \/><\/a><br \/>\n<strong><span style=\"color: #339966;\">R<span style=\"color: #ff0000;\">&amp;<\/span>D<\/span><\/strong> compte d\u00e9sormais une nouvelle section au <strong><span style=\"color: #339966;\">Parlement europ\u00e9en<\/span> <\/strong>et nous sommes heureux de pouvoir partager avec vous notre enthou\u00adsiasme.<\/h2>\n<h3><\/h3>\n<h3><span style=\"color: #ff0000;\"><strong>Au c\u0153ur de l\u2019action de <span style=\"color: #339966;\">R<\/span>&amp;<span style=\"color: #339966;\">D<\/span> <span style=\"color: #339966;\">F\u00e9d\u00e9ral!<\/span><\/strong><\/span><\/h3>\n<p>&nbsp;<\/p>\n<p>L\u2019<span style=\"color: #339966;\"><strong>unicit\u00e9 du Statut <\/strong><\/span>et l\u2019obligation l\u00e9gale d\u2019en assurer une <strong><span style=\"color: #339966;\">application coh\u00e9rente<\/span> <\/strong>\u00e0 travers toutes les institutions sont au c\u0153ur de l\u2019action de <span style=\"color: #339966;\"><strong>R<\/strong><\/span><span style=\"color: #ff0000;\"><strong>&amp;<\/strong><\/span><span style=\"color: #339966;\"><strong>D f\u00e9d\u00e9ral\u00a0<\/strong><\/span>!<\/p>\n<p><span style=\"color: #000000;\">Ceci passe donc par une <\/span><span style=\"color: #339966;\"><strong>pr\u00e9sence<\/strong><\/span><strong> <\/strong><span style=\"color: #339966;\"><strong>forte <\/strong><\/span><span style=\"color: #000000;\">et <\/span><span style=\"color: #339966;\"><strong>qualifi\u00e9e<\/strong><\/span><span style=\"color: #000000;\"> au sein de chaque institution et agence, ce qui permet de:<\/span><\/p>\n<ul>\n<li><span style=\"color: #000000;\">Renforcer la coh\u00e9sion et l\u2019unit\u00e9 d\u2019action avec les autres syndicats,<\/span><\/li>\n<li><span style=\"color: #000000;\">N\u00e9gocier les meilleurs conditions pour le personnel,<\/span><\/li>\n<li><span style=\"color: #000000;\">Etablir les bonnes pratiques, <\/span><\/li>\n<li><span style=\"color: #000000;\">D\u00e9noncer les approches abusives.<\/span><\/li>\n<\/ul>\n<p>&nbsp;<\/p>\n<h3><span style=\"color: #ff0000;\"><strong>C\u2019est d\u00e9sormais le cas au Parlement europ\u00e9en!<\/strong><\/span><\/h3>\n<p>Le fait que d\u00e8s la cr\u00e9ation de <strong><span style=\"color: #339966;\">R<span style=\"color: #ff0000;\">&amp;<\/span>D PE<\/span>, <span style=\"color: #ff6600;\">13 ELUS DU COMITE DU PERSONNEL <\/span><\/strong>s\u2019y reconnaissent d\u00e9j\u00e0 constitue la meilleure garantie de notre capacit\u00e9 \u00e0 <span style=\"color: #339966;\"><strong>d\u00e9fendre les droits <\/strong><span style=\"color: #000000;\">et les<\/span> <strong>attentes <\/strong><\/span>des coll\u00e8gues du PE et par l\u00e0 aussi de ceux des autres institutions.<\/p>\n<p>In this context, we should also keep in mind the key role played by the EP regarding Reform procedures on the Staff Regulations since the en\u00actry in force of the Lisbon Treaty as well as the Reform of 2014 .<\/p>\n<p>Whether you are at the EP or consider a transfer to the EP,<\/p>\n<p>&nbsp;<\/p>\n<h4 style=\"text-align: center;\"><span style=\"color: #ff0000;\"><strong>Sachez que vous pouvez toujours compter sur<\/strong><\/span>\u00a0<strong><span style=\"color: #339966;\">R<span style=\"color: #ff0000;\">&amp;<\/span>D PE<\/span><\/strong><\/h4>\n<p><a href=\"\/wp-content\/uploads\/2014\/07\/RD-parlement1.jpg\"><img loading=\"lazy\" decoding=\"async\" class=\"aligncenter  wp-image-11292\" title=\"R&amp;D parlement\" src=\"\/wp-content\/uploads\/2014\/07\/RD-parlement1.jpg\" alt=\"\" width=\"116\" height=\"92\" \/><\/a><\/p>\n<p>&nbsp;<\/p>\n<p>&nbsp;<\/p>\n","protected":false},"excerpt":{"rendered":"<p>R&amp;D compte d\u00e9sormais une nouvelle section au Parlement europ\u00e9en et nous sommes heureux de pouvoir partager avec vous notre enthou\u00adsiasme. Au c\u0153ur de l\u2019action de R&amp;D F\u00e9d\u00e9ral! &nbsp; L\u2019unicit\u00e9 du Statut et l\u2019obligation l\u00e9gale d\u2019en assurer une application coh\u00e9rente \u00e0 travers toutes les institutions sont au c\u0153ur de l\u2019action de R&amp;D f\u00e9d\u00e9ral\u00a0! Ceci passe donc [&hellip;]<\/p>\n","protected":false},"author":19,"featured_media":0,"comment_status":"closed","ping_status":"closed","sticky":false,"template":"","format":"standard","meta":{"footnotes":""},"categories":[103],"tags":[],"_links":{"self":[{"href":"https:\/\/renouveau-democratie.eu\/fr\/wp-json\/wp\/v2\/posts\/11295"}],"collection":[{"href":"https:\/\/renouveau-democratie.eu\/fr\/wp-json\/wp\/v2\/posts"}],"about":[{"href":"https:\/\/renouveau-democratie.eu\/fr\/wp-json\/wp\/v2\/types\/post"}],"author":[{"embeddable":true,"href":"https:\/\/renouveau-democratie.eu\/fr\/wp-json\/wp\/v2\/users\/19"}],"replies":[{"embeddable":true,"href":"https:\/\/renouveau-democratie.eu\/fr\/wp-json\/wp\/v2\/comments?post=11295"}],"version-history":[{"count":5,"href":"https:\/\/renouveau-democratie.eu\/fr\/wp-json\/wp\/v2\/posts\/11295\/revisions"}],"predecessor-version":[{"id":11303,"href":"https:\/\/renouveau-democratie.eu\/fr\/wp-json\/wp\/v2\/posts\/11295\/revisions\/11303"}],"wp:attachment":[{"href":"https:\/\/renouveau-democratie.eu\/fr\/wp-json\/wp\/v2\/media?parent=11295"}],"wp:term":[{"taxonomy":"category","embeddable":true,"href":"https:\/\/renouveau-democratie.eu\/fr\/wp-json\/wp\/v2\/categories?post=11295"},{"taxonomy":"post_tag","embeddable":true,"href":"https:\/\/renouveau-democratie.eu\/fr\/wp-json\/wp\/v2\/tags?post=11295"}],"curies":[{"name":"wp","href":"https:\/\/api.w.org\/{rel}","templated":true}]}}