{"id":10645,"date":"2014-01-27T00:36:44","date_gmt":"2014-01-26T23:36:44","guid":{"rendered":"\/?p=10645"},"modified":"2014-02-07T00:41:58","modified_gmt":"2014-02-06T23:41:58","slug":"non-aux-pratiques-dissuasives","status":"publish","type":"post","link":"https:\/\/renouveau-democratie.eu\/fr\/2014\/01\/non-aux-pratiques-dissuasives\/","title":{"rendered":"Non aux pratiques dissuasives !"},"content":{"rendered":"<p>Le passage aux 40 h de travail par semaine am\u00e8ne beaucoup d&rsquo;entre vous et en particulier les coll\u00e8gues femmes \u00e0 devoir se r\u00e9organiser pour g\u00e9rer le temps de travail et les obligations familiales.<\/p>\n<p>Apparemment, la hi\u00e9rarchie aussi !\u00a0 Nous avons appris que des entretiens ont lieu dans certaines DG pour dissuader des personnes travaillant en temps partiel de continuer et pour leur demander de repasser \u00e0 temps plein.<\/p>\n<p><span style=\"color: #339966;\"><strong>R<\/strong><span style=\"color: #ff0000;\"><strong>&amp;<\/strong><\/span><strong>D<\/strong><\/span>\u00a0s&rsquo;est toujours positionn\u00e9 pour une meilleure conciliation de la vie professionnelle et la vie familiale et d\u00e9nonce ce genre de pratiques qui marquent une r\u00e9gression profonde par rapport aux acquis sociaux et une d\u00e9gradation des conditions de travail.<\/p>\n<p>Si vous vous trouvez dans une telle situation, contactez-nous pour que nous vous apportions l&rsquo;aide n\u00e9cessaire.<\/p>\n","protected":false},"excerpt":{"rendered":"<p>Le passage aux 40 h de travail par semaine am\u00e8ne beaucoup d&rsquo;entre vous et en particulier les coll\u00e8gues femmes \u00e0 devoir se r\u00e9organiser pour g\u00e9rer le temps de travail et les obligations familiales. Apparemment, la hi\u00e9rarchie aussi !\u00a0 Nous avons appris que des entretiens ont lieu dans certaines DG pour dissuader des personnes travaillant en [&hellip;]<\/p>\n","protected":false},"author":19,"featured_media":0,"comment_status":"closed","ping_status":"closed","sticky":false,"template":"","format":"standard","meta":{"footnotes":""},"categories":[40,15,16],"tags":[],"_links":{"self":[{"href":"https:\/\/renouveau-democratie.eu\/fr\/wp-json\/wp\/v2\/posts\/10645"}],"collection":[{"href":"https:\/\/renouveau-democratie.eu\/fr\/wp-json\/wp\/v2\/posts"}],"about":[{"href":"https:\/\/renouveau-democratie.eu\/fr\/wp-json\/wp\/v2\/types\/post"}],"author":[{"embeddable":true,"href":"https:\/\/renouveau-democratie.eu\/fr\/wp-json\/wp\/v2\/users\/19"}],"replies":[{"embeddable":true,"href":"https:\/\/renouveau-democratie.eu\/fr\/wp-json\/wp\/v2\/comments?post=10645"}],"version-history":[{"count":5,"href":"https:\/\/renouveau-democratie.eu\/fr\/wp-json\/wp\/v2\/posts\/10645\/revisions"}],"predecessor-version":[{"id":10648,"href":"https:\/\/renouveau-democratie.eu\/fr\/wp-json\/wp\/v2\/posts\/10645\/revisions\/10648"}],"wp:attachment":[{"href":"https:\/\/renouveau-democratie.eu\/fr\/wp-json\/wp\/v2\/media?parent=10645"}],"wp:term":[{"taxonomy":"category","embeddable":true,"href":"https:\/\/renouveau-democratie.eu\/fr\/wp-json\/wp\/v2\/categories?post=10645"},{"taxonomy":"post_tag","embeddable":true,"href":"https:\/\/renouveau-democratie.eu\/fr\/wp-json\/wp\/v2\/tags?post=10645"}],"curies":[{"name":"wp","href":"https:\/\/api.w.org\/{rel}","templated":true}]}}